{"id":22575,"date":"2024-02-06T11:06:18","date_gmt":"2024-02-06T14:06:18","guid":{"rendered":"http:\/\/informebahia.com\/site\/?p=22575"},"modified":"2024-02-06T11:06:18","modified_gmt":"2024-02-06T14:06:18","slug":"anunciada-como-prioridade-area-social-tem-menos-espaco-na-agenda-de-lula","status":"publish","type":"post","link":"https:\/\/informebahia.com\/site\/2024\/02\/06\/anunciada-como-prioridade-area-social-tem-menos-espaco-na-agenda-de-lula\/","title":{"rendered":"Anunciada como prioridade, \u00e1rea social tem menos espa\u00e7o na agenda de Lula"},"content":{"rendered":"<div class=\"wp-block-image\">\n<figure class=\"aligncenter size-full is-resized\"><img loading=\"lazy\" decoding=\"async\" width=\"900\" height=\"615\" src=\"https:\/\/informebahia.com\/site\/wp-content\/uploads\/2024\/02\/image-20.png\" alt=\"\" class=\"wp-image-22580\" style=\"width:500px\" srcset=\"https:\/\/informebahia.com\/site\/wp-content\/uploads\/2024\/02\/image-20.png 900w, https:\/\/informebahia.com\/site\/wp-content\/uploads\/2024\/02\/image-20-300x205.png 300w, https:\/\/informebahia.com\/site\/wp-content\/uploads\/2024\/02\/image-20-768x525.png 768w\" sizes=\"auto, (max-width: 900px) 100vw, 900px\" \/><figcaption class=\"wp-element-caption\">Foto: Ricardo Stuckert\/Divulga\u00e7\u00e3o\/Arquivo<\/figcaption><\/figure>\n<\/div>\n\n\n<p>Indicada pelo presidente Luiz In\u00e1cio Lula da Silva como uma das prioridades de seu terceiro mandato, a \u00e1rea social parece ter recebido menos destaque na rotina di\u00e1ria do l\u00edder petista. Uma an\u00e1lise realizada pelo jornal \u201cO Globo\u201d, com base na agenda oficial divulgada pelo Pal\u00e1cio do Planalto, revela que os ministros da \u00e1rea econ\u00f4mica participaram de tr\u00eas vezes mais encontros do que os titulares das pastas de Educa\u00e7\u00e3o, Sa\u00fade e Desenvolvimento Social, esta \u00faltima respons\u00e1vel pelo programa Bolsa Fam\u00edlia.<\/p>\n\n\n\n<p>Durante o per\u00edodo de 1\u00ba de janeiro de 2023 a 1\u00ba de fevereiro deste ano, Lula se reuniu em 51 ocasi\u00f5es com os ministros Camilo Santana (Educa\u00e7\u00e3o), N\u00edsia Trindade (Sa\u00fade) e Wellington Dias (Desenvolvimento Social). Enquanto isso, foram registrados 155 encontros com os respons\u00e1veis pelas pastas da Fazenda, Fernando Haddad; Planejamento, Simone Tebet; Desenvolvimento, Ind\u00fastria e Com\u00e9rcio, Geraldo Alckmin; e Gest\u00e3o, Esther Dweck.<\/p>\n\n\n\n<p>O foco do Pal\u00e1cio do Planalto no ano passado esteve centrado em medidas de arrecada\u00e7\u00e3o e reestrutura\u00e7\u00e3o econ\u00f4mica, incluindo a Reforma Tribut\u00e1ria e o arcabou\u00e7o fiscal, o que contribui para explicar a configura\u00e7\u00e3o da agenda presidencial.<\/p>\n\n\n\n<p class=\"has-text-align-right\">*Pol\u00edtica Livre<\/p>\n","protected":false},"excerpt":{"rendered":"<p>Indicada pelo presidente Luiz In\u00e1cio Lula da Silva como uma das prioridades de seu terceiro mandato, a \u00e1rea social parece ter recebido menos destaque na rotina di\u00e1ria do l\u00edder petista. Uma an\u00e1lise realizada pelo jornal \u201cO Globo\u201d, com base na agenda oficial divulgada pelo Pal\u00e1cio do Planalto, revela que os ministros da \u00e1rea econ\u00f4mica participaram [&hellip;]<\/p>\n","protected":false},"author":1,"featured_media":22580,"comment_status":"closed","ping_status":"open","sticky":false,"template":"","format":"standard","meta":{"footnotes":""},"categories":[17],"tags":[],"class_list":["post-22575","post","type-post","status-publish","format-standard","has-post-thumbnail","hentry","category-politica"],"aioseo_notices":[],"_links":{"self":[{"href":"https:\/\/informebahia.com\/site\/wp-json\/wp\/v2\/posts\/22575","targetHints":{"allow":["GET"]}}],"collection":[{"href":"https:\/\/informebahia.com\/site\/wp-json\/wp\/v2\/posts"}],"about":[{"href":"https:\/\/informebahia.com\/site\/wp-json\/wp\/v2\/types\/post"}],"author":[{"embeddable":true,"href":"https:\/\/informebahia.com\/site\/wp-json\/wp\/v2\/users\/1"}],"replies":[{"embeddable":true,"href":"https:\/\/informebahia.com\/site\/wp-json\/wp\/v2\/comments?post=22575"}],"version-history":[{"count":1,"href":"https:\/\/informebahia.com\/site\/wp-json\/wp\/v2\/posts\/22575\/revisions"}],"predecessor-version":[{"id":22581,"href":"https:\/\/informebahia.com\/site\/wp-json\/wp\/v2\/posts\/22575\/revisions\/22581"}],"wp:featuredmedia":[{"embeddable":true,"href":"https:\/\/informebahia.com\/site\/wp-json\/wp\/v2\/media\/22580"}],"wp:attachment":[{"href":"https:\/\/informebahia.com\/site\/wp-json\/wp\/v2\/media?parent=22575"}],"wp:term":[{"taxonomy":"category","embeddable":true,"href":"https:\/\/informebahia.com\/site\/wp-json\/wp\/v2\/categories?post=22575"},{"taxonomy":"post_tag","embeddable":true,"href":"https:\/\/informebahia.com\/site\/wp-json\/wp\/v2\/tags?post=22575"}],"curies":[{"name":"wp","href":"https:\/\/api.w.org\/{rel}","templated":true}]}}