{"id":22578,"date":"2024-02-06T11:14:02","date_gmt":"2024-02-06T14:14:02","guid":{"rendered":"http:\/\/informebahia.com\/site\/?p=22578"},"modified":"2024-02-06T11:14:02","modified_gmt":"2024-02-06T14:14:02","slug":"fabricante-dara-prioridade-da-vacina-contra-dengue-ao-sus","status":"publish","type":"post","link":"https:\/\/informebahia.com\/site\/2024\/02\/06\/fabricante-dara-prioridade-da-vacina-contra-dengue-ao-sus\/","title":{"rendered":"Fabricante dar\u00e1 prioridade da vacina contra dengue ao SUS"},"content":{"rendered":"<div class=\"wp-block-image\">\n<figure class=\"aligncenter size-large is-resized\"><img loading=\"lazy\" decoding=\"async\" width=\"1024\" height=\"613\" src=\"https:\/\/informebahia.com\/site\/wp-content\/uploads\/2024\/02\/image-24-1024x613.png\" alt=\"\" class=\"wp-image-22587\" style=\"width:500px\" srcset=\"https:\/\/informebahia.com\/site\/wp-content\/uploads\/2024\/02\/image-24-1024x613.png 1024w, https:\/\/informebahia.com\/site\/wp-content\/uploads\/2024\/02\/image-24-300x179.png 300w, https:\/\/informebahia.com\/site\/wp-content\/uploads\/2024\/02\/image-24-768x459.png 768w, https:\/\/informebahia.com\/site\/wp-content\/uploads\/2024\/02\/image-24.png 1170w\" sizes=\"auto, (max-width: 1024px) 100vw, 1024px\" \/><figcaption class=\"wp-element-caption\">Foto: Rog\u00e9rio Vidmantas\/Prefeitura de Dourados<\/figcaption><\/figure>\n<\/div>\n\n\n<p>A farmac\u00eautica Takeda, que produz a vacina contra a dengue (Qdenga), emitiu um comunicado nesta segunda-feira (5) para informar a decis\u00e3o de priorizar o atendimento aos pedidos do&nbsp;Minist\u00e9rio da Sa\u00fade no fornecimento dos imunizantes. De acordo com o comunicado, a Takeda suspendeu a assinatura de contratos diretos com estados e munic\u00edpios e vai limitar o fornecimento da vacina na rede privada apenas para suprir o quantitativo necess\u00e1rio para as pessoas que tomaram a primeira dose do imunizante completem o&nbsp;esquema vacinal com a segunda dose, ap\u00f3s um intervalo de tr\u00eas meses.<\/p>\n\n\n\n<p>A medida foi tomada, segundo a empresa, diante do cen\u00e1rio de inclus\u00e3o da Qdenga no Sistema \u00danico de Sa\u00fade (SUS) e o agravamento da epidemia de dengue em diversas regi\u00f5es do pa\u00eds. &nbsp;<\/p>\n\n\n\n<p>&#8220;Em linha com o princ\u00edpio da equidade na sa\u00fade, a Takeda est\u00e1 comprometida em apoiar as autoridades de sa\u00fade, portanto seus esfor\u00e7os est\u00e3o voltados para atender a demanda do Minist\u00e9rio da Sa\u00fade, conforme a estrat\u00e9gia vacinal definida pelo Departamento do Programa Nacional de Imuniza\u00e7\u00f5es (DPNI) que considera faixa et\u00e1ria e regi\u00f5es para receberem a vacina. Conforme j\u00e1 anunciado, temos garantida a entrega de 6,6 milh\u00f5es de doses para o ano de 2024 e o provisionamento de mais 9 milh\u00f5es de doses para o ano de 2025. Em paralelo, estamos buscando todas as solu\u00e7\u00f5es poss\u00edveis para aumentar o n\u00famero de doses dispon\u00edveis no pa\u00eds, e n\u00e3o mediremos esfor\u00e7os para isso&#8221;, diz o comunicado.<\/p>\n\n\n\n<p>A decis\u00e3o n\u00e3o prejudica compromissos previamente firmados com munic\u00edpios antes da incorpora\u00e7\u00e3o da Qdenga ao SUS, observou a empresa.<\/p>\n\n\n\n<p>Ainda segundo a farmac\u00eautica, a previs\u00e3o \u00e9 que o fornecimento global da vacina Qdenga atinja a meta de 100 milh\u00f5es de doses por ano at\u00e9 2030, o que inclui um novo centro internacional dedicado \u00e0 produ\u00e7\u00e3o de vacinas, na Alemanha, previsto para ser lan\u00e7ado&nbsp;em 2025.<\/p>\n\n\n\n<p><strong>Vacina\u00e7\u00e3o<\/strong><\/p>\n\n\n\n<p>A vacina Qdenga teve o&nbsp;registro aprovado pela Ag\u00eancia Nacional de Vigil\u00e2ncia Sanit\u00e1ria (Anvisa) em mar\u00e7o de 2023. O processo permite a comercializa\u00e7\u00e3o do produto no Brasil, desde que mantidas as condi\u00e7\u00f5es aprovadas. Em dezembro, o Minist\u00e9rio da Sa\u00fade anunciou a incorpora\u00e7\u00e3o do insumo no Sistema \u00danico de Sa\u00fade (SUS).<\/p>\n\n\n\n<p>Na pr\u00f3xima semana, as doses come\u00e7am a ser distribu\u00eddas a 521 munic\u00edpios selecionados pelo Minist\u00e9rio da Sa\u00fade para iniciar a vacina\u00e7\u00e3o na rede p\u00fablica. As cidades comp\u00f5em um total de 37 regi\u00f5es de sa\u00fade que, segundo a pasta, s\u00e3o consideradas end\u00eamicas para a doen\u00e7a. Ser\u00e3o vacinadas crian\u00e7as e adolescentes de 10 a 14 anos de idade, faixa et\u00e1ria que concentra maior n\u00famero de hospitaliza\u00e7\u00f5es por dengue, atr\u00e1s apenas dos idosos.<\/p>\n\n\n\n<p><strong>&gt;&gt;&nbsp;<a href=\"https:\/\/agenciabrasil.ebc.com.br\/saude\/noticia\/2024-02\/tire-as-principais-duvidas-sobre-a-vacinacao-contra-dengue\" target=\"_blank\" rel=\"noreferrer noopener\">Tire as d\u00favidas<\/a>&nbsp;sobre a vacina da dengue<\/strong><\/p>\n\n\n\n<p><strong>Epidemia<\/strong><\/p>\n\n\n\n<p>O Brasil vive uma explos\u00e3o de casos de dengue que fez com que o Distrito Federal e tr\u00eas estados, al\u00e9m do munic\u00edpio do Rio de Janeiro, decretassem\u00a0situa\u00e7\u00e3o de emerg\u00eancia\u00a0por conta da doen\u00e7a. Na \u00faltima sexta-feira (3), o Minist\u00e9rio da Sa\u00fade abriu o\u00a0Centro de Opera\u00e7\u00f5es de Emerg\u00eancias (COE) contra a dengue, em Bras\u00edlia.<\/p>\n\n\n<div class=\"wp-block-image\">\n<figure class=\"aligncenter size-large is-resized\"><img loading=\"lazy\" decoding=\"async\" width=\"724\" height=\"1024\" src=\"https:\/\/informebahia.com\/site\/wp-content\/uploads\/2024\/02\/image-23-724x1024.png\" alt=\"\" class=\"wp-image-22586\" style=\"width:500px\" srcset=\"https:\/\/informebahia.com\/site\/wp-content\/uploads\/2024\/02\/image-23-724x1024.png 724w, https:\/\/informebahia.com\/site\/wp-content\/uploads\/2024\/02\/image-23-212x300.png 212w, https:\/\/informebahia.com\/site\/wp-content\/uploads\/2024\/02\/image-23.png 754w\" sizes=\"auto, (max-width: 724px) 100vw, 724px\" \/><figcaption class=\"wp-element-caption\">Arte\/EBC<\/figcaption><\/figure>\n<\/div>\n\n\n<p class=\"has-text-align-right\">*Ag\u00eancia Brasil<\/p>\n","protected":false},"excerpt":{"rendered":"<p>A farmac\u00eautica Takeda, que produz a vacina contra a dengue (Qdenga), emitiu um comunicado nesta segunda-feira (5) para informar a decis\u00e3o de priorizar o atendimento aos pedidos do&nbsp;Minist\u00e9rio da Sa\u00fade no fornecimento dos imunizantes. De acordo com o comunicado, a Takeda suspendeu a assinatura de contratos diretos com estados e munic\u00edpios e vai limitar o [&hellip;]<\/p>\n","protected":false},"author":1,"featured_media":22587,"comment_status":"closed","ping_status":"open","sticky":false,"template":"","format":"standard","meta":{"footnotes":""},"categories":[33],"tags":[],"class_list":["post-22578","post","type-post","status-publish","format-standard","has-post-thumbnail","hentry","category-geral"],"aioseo_notices":[],"_links":{"self":[{"href":"https:\/\/informebahia.com\/site\/wp-json\/wp\/v2\/posts\/22578","targetHints":{"allow":["GET"]}}],"collection":[{"href":"https:\/\/informebahia.com\/site\/wp-json\/wp\/v2\/posts"}],"about":[{"href":"https:\/\/informebahia.com\/site\/wp-json\/wp\/v2\/types\/post"}],"author":[{"embeddable":true,"href":"https:\/\/informebahia.com\/site\/wp-json\/wp\/v2\/users\/1"}],"replies":[{"embeddable":true,"href":"https:\/\/informebahia.com\/site\/wp-json\/wp\/v2\/comments?post=22578"}],"version-history":[{"count":1,"href":"https:\/\/informebahia.com\/site\/wp-json\/wp\/v2\/posts\/22578\/revisions"}],"predecessor-version":[{"id":22588,"href":"https:\/\/informebahia.com\/site\/wp-json\/wp\/v2\/posts\/22578\/revisions\/22588"}],"wp:featuredmedia":[{"embeddable":true,"href":"https:\/\/informebahia.com\/site\/wp-json\/wp\/v2\/media\/22587"}],"wp:attachment":[{"href":"https:\/\/informebahia.com\/site\/wp-json\/wp\/v2\/media?parent=22578"}],"wp:term":[{"taxonomy":"category","embeddable":true,"href":"https:\/\/informebahia.com\/site\/wp-json\/wp\/v2\/categories?post=22578"},{"taxonomy":"post_tag","embeddable":true,"href":"https:\/\/informebahia.com\/site\/wp-json\/wp\/v2\/tags?post=22578"}],"curies":[{"name":"wp","href":"https:\/\/api.w.org\/{rel}","templated":true}]}}