{"id":22641,"date":"2024-02-11T09:57:48","date_gmt":"2024-02-11T12:57:48","guid":{"rendered":"https:\/\/informebahia.com\/site\/?p=22641"},"modified":"2024-02-11T09:57:48","modified_gmt":"2024-02-11T12:57:48","slug":"valdemar-costa-neto-deixa-superintendencia-da-pf-apos-liberdade-provisoria","status":"publish","type":"post","link":"https:\/\/informebahia.com\/site\/2024\/02\/11\/valdemar-costa-neto-deixa-superintendencia-da-pf-apos-liberdade-provisoria\/","title":{"rendered":"Valdemar Costa Neto deixa superintend\u00eancia da PF ap\u00f3s liberdade provis\u00f3ria"},"content":{"rendered":"<div class=\"wp-block-image\">\n<figure class=\"aligncenter size-large is-resized\"><img loading=\"lazy\" decoding=\"async\" width=\"1024\" height=\"646\" src=\"https:\/\/informebahia.com\/site\/wp-content\/uploads\/2024\/02\/cats-1-1024x646.jpg\" alt=\"\" class=\"wp-image-22642\" style=\"width:600px\" srcset=\"https:\/\/informebahia.com\/site\/wp-content\/uploads\/2024\/02\/cats-1-1024x646.jpg 1024w, https:\/\/informebahia.com\/site\/wp-content\/uploads\/2024\/02\/cats-1-300x189.jpg 300w, https:\/\/informebahia.com\/site\/wp-content\/uploads\/2024\/02\/cats-1-768x485.jpg 768w, https:\/\/informebahia.com\/site\/wp-content\/uploads\/2024\/02\/cats-1.jpg 1144w\" sizes=\"auto, (max-width: 1024px) 100vw, 1024px\" \/><\/figure>\n<\/div>\n\n\n<p>Valdemar Costa Neto, deixou a superintend\u00eancia da Pol\u00edcia Federal em Bras\u00edlia, na noite de s\u00e1bado (10), ap\u00f3s ter liberdade provis\u00f3ria concedida pelo ministro do STF (Supremo Tribunal Federal), Alexandre de Moraes. O presidente nacional do PL havia sido preso em flagrante durante opera\u00e7\u00e3o da PF, na \u00faltima quinta (8), por posse ilegal de arma de fogo.<\/p>\n\n\n\n<p>A arma foi localizada pela PF durante a\u00e7\u00e3o de busca e apreens\u00e3o contra ele em Bras\u00edlia, ocasi\u00e3o em que tamb\u00e9m foi encontrada uma pepita de ouro.<\/p>\n\n\n\n<p>Moraes levou em conta argumentos da PGR (Procuradoria-Geral da Rep\u00fablica) pela liberdade provis\u00f3ria do investigado. O magistrado considerou ainda o fato de que o pol\u00edtico tem idade avan\u00e7ada, 74 anos, e afirmou que o caso n\u00e3o envolveu viol\u00eancia ou grave amea\u00e7a.<\/p>\n\n\n\n<p>\u201cO custodiado [Valdemar] j\u00e1 se encontra submetido a medidas cautelares, adequadas e suficientes, que o impedem de interferir na atividade investigat\u00f3ria\u201d, afirmou a PGR.<\/p>\n\n\n\n<p>\u201cN\u00e3o se reconhece, por outro lado, a sua periculosidade, a que se vincula o risco da reitera\u00e7\u00e3o delitiva, tampouco a presen\u00e7a de circunst\u00e2ncias supervenientes capazes de alterar o quadro que justificou as medidas anteriormente decretadas\u201d, acrescentou.<\/p>\n\n\n\n<p>O ministro afirmou que, apesar de continuarem \u201cpresentes os requisitos ensejadores da pris\u00e3o preventiva, algumas circunst\u00e2ncias espec\u00edficas devem ser analisadas, uma vez que o investigado \u00e9 idoso, tendo 74 anos, e n\u00e3o teria cometido os crimes com viol\u00eancia ou grave amea\u00e7a\u201d.<\/p>\n\n\n\n<p>Nas redes sociais, ap\u00f3s a informa\u00e7\u00e3o sobre a decis\u00e3o de Moraes deste s\u00e1bado, o PL agradeceu \u201cpor todas as palavras de apoio, carinho e ora\u00e7\u00f5es\u201d direcionadas ao presidente da sigla. \u201cAs demonstra\u00e7\u00f5es que recebemos de solidariedade s\u00e3o verdadeiramente reconfortantes e fortalecem nosso compromisso com o bem-estar e o progresso de nossa na\u00e7\u00e3o\u201d.<\/p>\n\n\n\n<p>A PF afirma que o pol\u00edtico participou da suposta trama para aplicar um golpe de Estado no pa\u00eds e manter Jair Bolsonaro (PL) no poder.<\/p>\n\n\n\n<p>Os investigadores dizem ainda que o PL foi instrumentalizado \u201cpara financiar a estrutura de apoio as narrativas que alegavam supostas fraudes \u00e0s urnas eletr\u00f4nicas, de modo a legitimar as manifesta\u00e7\u00f5es que ocorriam em frente \u00e0s instala\u00e7\u00f5es militares\u201d.<\/p>\n\n\n\n<p>As buscas contra Valdemar ocorreram em seu endere\u00e7o pessoal e tamb\u00e9m na sede da legenda. N\u00e3o havia ordem de pris\u00e3o contra ele \u2014o pol\u00edtico foi detido em flagrante devido \u00e0 arma. Os agentes federais tamb\u00e9m recolheram uma pepita de ouro com o investigado.<\/p>\n\n\n\n<p>Valdemar passou por audi\u00eancia de cust\u00f3dia na sexta-feira (9) e foi mantido encarcerado. No mesmo dia, Moraes converteu a pris\u00e3o dele em preventiva e deu prazo de 24 horas para a PGR se manifestar sobre um pedido de liberdade provis\u00f3ria apresentado pela defesa.<\/p>\n\n\n\n<p>O presidente do PL j\u00e1 havia passado uma temporada na cadeia anteriormente. Ele foi preso em 2013 ap\u00f3s a condena\u00e7\u00e3o a sete anos e dois meses no caso do mensal\u00e3o. Em 2016, o STF perdoou sua pena ap\u00f3s cumprimento de um quarto do per\u00edodo de deten\u00e7\u00e3o.<\/p>\n\n\n\n<p>Em nota divulgada na quinta, o advogado de Valdemar, Marcelo Bessa, disse que n\u00e3o houve fato relevante para a pris\u00e3o, que \u201ca pedra apreendida tem baixo valor e n\u00e3o configura delito\u201d e que a arma \u00e9 registrada e pertence a um parente pr\u00f3ximo, tendo sido esquecida \u201ch\u00e1 v\u00e1rios anos\u201d na casa do dirigente partid\u00e1rio.<\/p>\n\n\n\n<p>Consultado por Moraes acerca da a\u00e7\u00e3o que viria a ser deflagrada pela PF na quinta, o procurador-geral da Rep\u00fablica, Paulo Gonet, afirmou que eram leg\u00edtimas e se justificavam medidas contra o chefe do PL, para que fossem coletadas e analisadas provas obtidas em seu endere\u00e7o.<\/p>\n\n\n\n<p>Gonet disse, entretanto, que o Minist\u00e9rio P\u00fablico n\u00e3o via motivo suficiente para que se acolhesse pedido para que o dirigente partid\u00e1rio fosse proibido de manter contato com os demais investigados, inclusive atrav\u00e9s de advogados, e de se ausentar do pa\u00eds.<\/p>\n\n\n\n<p>\u201cO prop\u00f3sito de coleta de evid\u00eancias \u00fateis n\u00e3o parece depender dessas constri\u00e7\u00f5es de ordem pessoal, nem se assoma indicativo de risco para aplica\u00e7\u00e3o da lei penal que recomende as limita\u00e7\u00f5es sugeridas\u201d, afirmou Gonet. Mores, por\u00e9m, decidiu a favor das restri\u00e7\u00f5es ao presidente do PL.<\/p>\n\n\n\n<p>De acordo com a decis\u00e3o de Moraes que respaldou a opera\u00e7\u00e3o contra Bolsonaro e demais investigados, a PF destacou que \u201co avan\u00e7o das investiga\u00e7\u00f5es demonstrou a instrumentaliza\u00e7\u00e3o do Partido Liberal\u201d para apoiar e financiar a campanha de descredibiliza\u00e7\u00e3o do sistema eleitoral.<\/p>\n\n\n\n<p>O \u00e1pice da estrat\u00e9gia, segundo a pol\u00edcia, teria ocorrido no fim de novembro de 2022, quando a Coliga\u00e7\u00e3o Pelo Bem do Brasil, encabe\u00e7ada pelo ex-mandat\u00e1rio e composta por PL, Republicanos e Progressistas, recorreu ao TSE (Tribunal Superior Eleitoral) com \u201cpedido que, na pr\u00e1tica, anularia os votos computados pelas urnas fabricadas antes de 2020\u201d, segundo trecho da ordem judicial.<\/p>\n\n\n\n<p>\u201cA representa\u00e7\u00e3o protocolada pelo Partido Liberal, no intuito de reverter o resultado do pleito, que tamb\u00e9m \u00e9 objeto de investiga\u00e7\u00e3o por essa Suprema Corte, \u00e9 igualmente trazida pela autoridade policial como medida encadeada aos intentos golpistas representando o \u00faltimo ato direcionado a contestar formalmente o resultado das elei\u00e7\u00f5es presidenciais.\u201d<\/p>\n\n\n\n<p>A PF destaca que o epis\u00f3dio de contesta\u00e7\u00e3o de resultado das urnas se insere em um conjunto de fatos que \u201cdemonstra que os investigados utilizaram, de forma coordenada, diversos meios para disseminar informa\u00e7\u00f5es falsas sobre o processo eleitoral brasileiro\u201d.<\/p>\n\n\n\n<p>Moraes afirmou que a apura\u00e7\u00e3o \u201ccontempla vasto relato de complexa e coordenada atua\u00e7\u00e3o de organiza\u00e7\u00e3o criminosa\u201d e que a \u201cconcorr\u00eancia de todos os investigados, inclusive no que diz respeito a Valdemar da Costa Neto, em maior ou menor medida, para o intento golpista e, consequentemente, criminoso pode ser inferida a partir dos elementos informativos\u201d apresentados pela pol\u00edcia.<\/p>\n\n\n\n<p class=\"has-text-align-right\">Por <em>Marcelo Rocha\/Folhapress<\/em><\/p>\n","protected":false},"excerpt":{"rendered":"<p>Valdemar Costa Neto, deixou a superintend\u00eancia da Pol\u00edcia Federal em Bras\u00edlia, na noite de s\u00e1bado (10), ap\u00f3s ter liberdade provis\u00f3ria concedida pelo ministro do STF (Supremo Tribunal Federal), Alexandre de Moraes. O presidente nacional do PL havia sido preso em flagrante durante opera\u00e7\u00e3o da PF, na \u00faltima quinta (8), por posse ilegal de arma de [&hellip;]<\/p>\n","protected":false},"author":1,"featured_media":22642,"comment_status":"closed","ping_status":"open","sticky":false,"template":"","format":"standard","meta":{"footnotes":""},"categories":[33],"tags":[],"class_list":["post-22641","post","type-post","status-publish","format-standard","has-post-thumbnail","hentry","category-geral"],"aioseo_notices":[],"_links":{"self":[{"href":"https:\/\/informebahia.com\/site\/wp-json\/wp\/v2\/posts\/22641","targetHints":{"allow":["GET"]}}],"collection":[{"href":"https:\/\/informebahia.com\/site\/wp-json\/wp\/v2\/posts"}],"about":[{"href":"https:\/\/informebahia.com\/site\/wp-json\/wp\/v2\/types\/post"}],"author":[{"embeddable":true,"href":"https:\/\/informebahia.com\/site\/wp-json\/wp\/v2\/users\/1"}],"replies":[{"embeddable":true,"href":"https:\/\/informebahia.com\/site\/wp-json\/wp\/v2\/comments?post=22641"}],"version-history":[{"count":1,"href":"https:\/\/informebahia.com\/site\/wp-json\/wp\/v2\/posts\/22641\/revisions"}],"predecessor-version":[{"id":22643,"href":"https:\/\/informebahia.com\/site\/wp-json\/wp\/v2\/posts\/22641\/revisions\/22643"}],"wp:featuredmedia":[{"embeddable":true,"href":"https:\/\/informebahia.com\/site\/wp-json\/wp\/v2\/media\/22642"}],"wp:attachment":[{"href":"https:\/\/informebahia.com\/site\/wp-json\/wp\/v2\/media?parent=22641"}],"wp:term":[{"taxonomy":"category","embeddable":true,"href":"https:\/\/informebahia.com\/site\/wp-json\/wp\/v2\/categories?post=22641"},{"taxonomy":"post_tag","embeddable":true,"href":"https:\/\/informebahia.com\/site\/wp-json\/wp\/v2\/tags?post=22641"}],"curies":[{"name":"wp","href":"https:\/\/api.w.org\/{rel}","templated":true}]}}