{"id":22654,"date":"2024-02-12T16:23:41","date_gmt":"2024-02-12T19:23:41","guid":{"rendered":"http:\/\/informebahia.com\/site\/?p=22654"},"modified":"2024-02-12T16:23:41","modified_gmt":"2024-02-12T19:23:41","slug":"eles-devem-ficar-com-as-pesquisas-e-nos-com-as-vitorias-afirma-geraldo-jr-sobre-adversarios-na-mudanca-do-garcia","status":"publish","type":"post","link":"https:\/\/informebahia.com\/site\/2024\/02\/12\/eles-devem-ficar-com-as-pesquisas-e-nos-com-as-vitorias-afirma-geraldo-jr-sobre-adversarios-na-mudanca-do-garcia\/","title":{"rendered":"\u2018Eles devem ficar com as pesquisas e n\u00f3s com as vit\u00f3rias\u2019, afirma Geraldo Jr. sobre advers\u00e1rios na Mudan\u00e7a do Garcia"},"content":{"rendered":"<div class=\"wp-block-image\">\n<figure class=\"aligncenter size-full is-resized\"><img loading=\"lazy\" decoding=\"async\" width=\"900\" height=\"615\" src=\"https:\/\/informebahia.com\/site\/wp-content\/uploads\/2024\/02\/image-34.png\" alt=\"\" class=\"wp-image-22659\" style=\"width:500px\" srcset=\"https:\/\/informebahia.com\/site\/wp-content\/uploads\/2024\/02\/image-34.png 900w, https:\/\/informebahia.com\/site\/wp-content\/uploads\/2024\/02\/image-34-300x205.png 300w, https:\/\/informebahia.com\/site\/wp-content\/uploads\/2024\/02\/image-34-768x525.png 768w\" sizes=\"auto, (max-width: 900px) 100vw, 900px\" \/><figcaption class=\"wp-element-caption\">Foto: Fl\u00e1vio Sande\/Pol\u00edtica Livre<\/figcaption><\/figure>\n<\/div>\n\n\n<p>\u201cA hist\u00f3ria que fica \u00e9 que eles devem ficar com as pesquisas e com entendimento fr\u00e1gil que eles t\u00eam e n\u00f3s ficamos com as vit\u00f3rias\u201d. Essa foi a resposta do vice-governador da Bahia, Geraldo J\u00fanior (MDB), quando questionado por este Pol\u00edtica Livre em rela\u00e7\u00e3o ao que pensava a respeito de falas de pol\u00edticos sobre n\u00e3o ter, supostamente, apoio da esquerda para a candidatura \u00e0 Prefeitura de Salvador.<\/p>\n\n\n\n<p>A declara\u00e7\u00e3o foi feita na \u201cMudan\u00e7a do Garcia\u201d, na manh\u00e3 desta segunda-feira (12), em Salvador, para a qual Geraldo Jr. chegou um pouco deslocado para uma manifesta\u00e7\u00e3o popular essencialmente de esquerda. Na ocasi\u00e3o, Geraldo tamb\u00e9m enalteceu o evento tradicional. \u201cTem um simbolismo especial, de resist\u00eancia, luta e for\u00e7a do nosso povo. Aqui \u00e9 o verdadeiro exemplo de paz, de pol\u00edtica social e inclusiva\u201d, afirmou.<\/p>\n\n\n\n<p>O governador Jer\u00f4nimo Rodrigues (PT) n\u00e3o prestigiou o evento popular.<\/p>\n\n\n\n<p class=\"has-text-align-right\">*Pol\u00edtica Livre<\/p>\n","protected":false},"excerpt":{"rendered":"<p>\u201cA hist\u00f3ria que fica \u00e9 que eles devem ficar com as pesquisas e com entendimento fr\u00e1gil que eles t\u00eam e n\u00f3s ficamos com as vit\u00f3rias\u201d. Essa foi a resposta do vice-governador da Bahia, Geraldo J\u00fanior (MDB), quando questionado por este Pol\u00edtica Livre em rela\u00e7\u00e3o ao que pensava a respeito de falas de pol\u00edticos sobre n\u00e3o [&hellip;]<\/p>\n","protected":false},"author":1,"featured_media":22659,"comment_status":"closed","ping_status":"open","sticky":false,"template":"","format":"standard","meta":{"footnotes":""},"categories":[17],"tags":[],"class_list":["post-22654","post","type-post","status-publish","format-standard","has-post-thumbnail","hentry","category-politica"],"aioseo_notices":[],"_links":{"self":[{"href":"https:\/\/informebahia.com\/site\/wp-json\/wp\/v2\/posts\/22654","targetHints":{"allow":["GET"]}}],"collection":[{"href":"https:\/\/informebahia.com\/site\/wp-json\/wp\/v2\/posts"}],"about":[{"href":"https:\/\/informebahia.com\/site\/wp-json\/wp\/v2\/types\/post"}],"author":[{"embeddable":true,"href":"https:\/\/informebahia.com\/site\/wp-json\/wp\/v2\/users\/1"}],"replies":[{"embeddable":true,"href":"https:\/\/informebahia.com\/site\/wp-json\/wp\/v2\/comments?post=22654"}],"version-history":[{"count":1,"href":"https:\/\/informebahia.com\/site\/wp-json\/wp\/v2\/posts\/22654\/revisions"}],"predecessor-version":[{"id":22660,"href":"https:\/\/informebahia.com\/site\/wp-json\/wp\/v2\/posts\/22654\/revisions\/22660"}],"wp:featuredmedia":[{"embeddable":true,"href":"https:\/\/informebahia.com\/site\/wp-json\/wp\/v2\/media\/22659"}],"wp:attachment":[{"href":"https:\/\/informebahia.com\/site\/wp-json\/wp\/v2\/media?parent=22654"}],"wp:term":[{"taxonomy":"category","embeddable":true,"href":"https:\/\/informebahia.com\/site\/wp-json\/wp\/v2\/categories?post=22654"},{"taxonomy":"post_tag","embeddable":true,"href":"https:\/\/informebahia.com\/site\/wp-json\/wp\/v2\/tags?post=22654"}],"curies":[{"name":"wp","href":"https:\/\/api.w.org\/{rel}","templated":true}]}}