{"id":22721,"date":"2024-02-15T14:37:40","date_gmt":"2024-02-15T17:37:40","guid":{"rendered":"http:\/\/informebahia.com\/site\/?p=22721"},"modified":"2024-02-15T14:37:41","modified_gmt":"2024-02-15T17:37:41","slug":"secretario-reforca-fala-de-jeronimo-sobre-rever-circuitos-do-carnaval-de-salvador","status":"publish","type":"post","link":"https:\/\/informebahia.com\/site\/2024\/02\/15\/secretario-reforca-fala-de-jeronimo-sobre-rever-circuitos-do-carnaval-de-salvador\/","title":{"rendered":"Secret\u00e1rio refor\u00e7a fala de Jer\u00f4nimo sobre rever circuitos do Carnaval de Salvador"},"content":{"rendered":"<div class=\"wp-block-image\">\n<figure class=\"aligncenter size-full is-resized\"><img loading=\"lazy\" decoding=\"async\" width=\"900\" height=\"615\" src=\"https:\/\/informebahia.com\/site\/wp-content\/uploads\/2024\/02\/image-49.png\" alt=\"\" class=\"wp-image-22726\" style=\"width:500px\" srcset=\"https:\/\/informebahia.com\/site\/wp-content\/uploads\/2024\/02\/image-49.png 900w, https:\/\/informebahia.com\/site\/wp-content\/uploads\/2024\/02\/image-49-300x205.png 300w, https:\/\/informebahia.com\/site\/wp-content\/uploads\/2024\/02\/image-49-768x525.png 768w\" sizes=\"auto, (max-width: 900px) 100vw, 900px\" \/><figcaption class=\"wp-element-caption\">Foto: Arquivo\/Reprodu\u00e7\u00e3o\/Instagram<\/figcaption><\/figure>\n<\/div>\n\n\n<p>Ap\u00f3s o governador da Bahia, Jer\u00f4nimo Rodrigues (PT), falar \u2013 em coletiva de imprensa na Quarta de Cinzas (14) \u2013 que \u00e9 preciso \u201crever os circuitos\u201d do Carnaval, sugerindo abrir novos pontos, a opini\u00e3o foi endossada pelo secret\u00e1rio de Cultura do estado, Bruno Monteiro. Em entrevista \u00e0 R\u00e1dio Metropole, nesta quinta-feira (15), por telefone, ele analisou a lota\u00e7\u00e3o dos atuais circuitos da festa e comentou sobre a necessidade de buscar solu\u00e7\u00f5es para desafogar o circuito Barra-Ondina.<\/p>\n\n\n\n<p>\u201cFicou evidente essa movimenta\u00e7\u00e3o que chegou a exaurir alguns dos circuitos em v\u00e1rios momentos, dado a grande quantidade de pessoas. Foram 11 milh\u00f5es de pessoas nas ruas. N\u00e3o \u00e9 pouca coisa, \u00e9 quase a popula\u00e7\u00e3o da Bahia toda [15 milh\u00f5es] concentrada nas ruas de Salvador ao longo de sete dias\u201d, afirmou.<\/p>\n\n\n\n<p>De acordo com Monteiro, \u00e9 preciso repensar os circuitos pois esse movimento de crescimento do Carnaval na capital baiana n\u00e3o deve parar. Apesar disso, n\u00e3o destacou o cen\u00e1rio da orla do Boca do Rio \u2013 local j\u00e1 especulado e at\u00e9 veiculado na imprensa \u2013 como possibilidade, alegando nunca ter visto estudo com tal proposta.<\/p>\n\n\n\n<p>\u201cNo ano passado, sa\u00edmos com o desafio, e eu assumi isso publicamente, que era repensar o circuito Osmar [Campo Grande-Avenida], que estava subutilizado, gerando um grande congestionamento de trios e de pessoas no circuito Dod\u00f4 [Barra-Ondina]. N\u00f3s puxamos esse debate e fizemos nossa parte, levando mais atra\u00e7\u00f5es pipocas para o Campo Grande e valorizando mais os blocos afros, que realizam prioritariamente seus desfiles Campo Grande e houve um crescimento grande de p\u00fablico nesse circuito. Por\u00e9m, isso n\u00e3o significou um desafogamento do circuito Barra-Ondina, que continuou saturado\u201d, falou.<\/p>\n\n\n\n<p>\u201cQueremos dialogar, puxar discuss\u00e3o sobre quais as solu\u00e7\u00f5es. O governador, ontem (14) na coletiva, disse que ningu\u00e9m quer fechar circuito, queremos mais circuitos, possibilidades. Mas n\u00f3s n\u00e3o temos arrog\u00e2ncia de querer decidir as coisas e dizer como vai ser\u201d, completou o secret\u00e1rio.<\/p>\n\n\n\n<p class=\"has-text-align-right\">*Pol\u00edtica Livre<\/p>\n","protected":false},"excerpt":{"rendered":"<p>Ap\u00f3s o governador da Bahia, Jer\u00f4nimo Rodrigues (PT), falar \u2013 em coletiva de imprensa na Quarta de Cinzas (14) \u2013 que \u00e9 preciso \u201crever os circuitos\u201d do Carnaval, sugerindo abrir novos pontos, a opini\u00e3o foi endossada pelo secret\u00e1rio de Cultura do estado, Bruno Monteiro. Em entrevista \u00e0 R\u00e1dio Metropole, nesta quinta-feira (15), por telefone, ele [&hellip;]<\/p>\n","protected":false},"author":1,"featured_media":22726,"comment_status":"closed","ping_status":"open","sticky":false,"template":"","format":"standard","meta":{"footnotes":""},"categories":[17],"tags":[],"class_list":["post-22721","post","type-post","status-publish","format-standard","has-post-thumbnail","hentry","category-politica"],"aioseo_notices":[],"_links":{"self":[{"href":"https:\/\/informebahia.com\/site\/wp-json\/wp\/v2\/posts\/22721","targetHints":{"allow":["GET"]}}],"collection":[{"href":"https:\/\/informebahia.com\/site\/wp-json\/wp\/v2\/posts"}],"about":[{"href":"https:\/\/informebahia.com\/site\/wp-json\/wp\/v2\/types\/post"}],"author":[{"embeddable":true,"href":"https:\/\/informebahia.com\/site\/wp-json\/wp\/v2\/users\/1"}],"replies":[{"embeddable":true,"href":"https:\/\/informebahia.com\/site\/wp-json\/wp\/v2\/comments?post=22721"}],"version-history":[{"count":1,"href":"https:\/\/informebahia.com\/site\/wp-json\/wp\/v2\/posts\/22721\/revisions"}],"predecessor-version":[{"id":22727,"href":"https:\/\/informebahia.com\/site\/wp-json\/wp\/v2\/posts\/22721\/revisions\/22727"}],"wp:featuredmedia":[{"embeddable":true,"href":"https:\/\/informebahia.com\/site\/wp-json\/wp\/v2\/media\/22726"}],"wp:attachment":[{"href":"https:\/\/informebahia.com\/site\/wp-json\/wp\/v2\/media?parent=22721"}],"wp:term":[{"taxonomy":"category","embeddable":true,"href":"https:\/\/informebahia.com\/site\/wp-json\/wp\/v2\/categories?post=22721"},{"taxonomy":"post_tag","embeddable":true,"href":"https:\/\/informebahia.com\/site\/wp-json\/wp\/v2\/tags?post=22721"}],"curies":[{"name":"wp","href":"https:\/\/api.w.org\/{rel}","templated":true}]}}