{"id":30423,"date":"2026-03-11T16:03:32","date_gmt":"2026-03-11T19:03:32","guid":{"rendered":"https:\/\/informebahia.com\/site\/?p=30423"},"modified":"2026-03-11T16:03:33","modified_gmt":"2026-03-11T19:03:33","slug":"empreendedorismo-feminino-tambem-marcou-a-1a-edicao-do-elas-em-movimento-em-coite","status":"publish","type":"post","link":"https:\/\/informebahia.com\/site\/2026\/03\/11\/empreendedorismo-feminino-tambem-marcou-a-1a-edicao-do-elas-em-movimento-em-coite\/","title":{"rendered":"Empreendedorismo feminino tamb\u00e9m marcou a 1\u00aa edi\u00e7\u00e3o do Elas em Movimento em Coit\u00e9"},"content":{"rendered":"<div class=\"wp-block-image\">\n<figure class=\"aligncenter size-large\"><img loading=\"lazy\" decoding=\"async\" width=\"1024\" height=\"819\" src=\"https:\/\/informebahia.com\/site\/wp-content\/uploads\/2026\/03\/image-22-1024x819.png\" alt=\"\" class=\"wp-image-30425\" srcset=\"https:\/\/informebahia.com\/site\/wp-content\/uploads\/2026\/03\/image-22-1024x819.png 1024w, https:\/\/informebahia.com\/site\/wp-content\/uploads\/2026\/03\/image-22-300x240.png 300w, https:\/\/informebahia.com\/site\/wp-content\/uploads\/2026\/03\/image-22-768x614.png 768w, https:\/\/informebahia.com\/site\/wp-content\/uploads\/2026\/03\/image-22.png 1280w\" sizes=\"auto, (max-width: 1024px) 100vw, 1024px\" \/><\/figure>\n<\/div>\n\n\n<p>Al\u00e9m dos atendimentos de sa\u00fade e servi\u00e7os oferecidos durante a programa\u00e7\u00e3o, a 1\u00aa edi\u00e7\u00e3o do Elas em Movimento tamb\u00e9m se destacou como um espa\u00e7o de incentivo ao empreendedorismo e \u00e0 autonomia feminina. Durante os tr\u00eas dias de evento, mulheres tiveram a oportunidade de expor, comercializar produtos e compartilhar experi\u00eancias, fortalecendo iniciativas lideradas por elas no munic\u00edpio.<br>Um dos destaques foi a Feira da Agricultura Familiar, formada exclusivamente por mulheres agricultoras, que levaram para o evento produtos frescos cultivados na zona rural.<\/p>\n\n\n\n<p>Tamb\u00e9m fizeram parte da programa\u00e7\u00e3o a feira de artesanato e a pra\u00e7a de alimenta\u00e7\u00e3o, espa\u00e7os que valorizaram o trabalho feminino e possibilitaram gera\u00e7\u00e3o de renda para diversas participantes.<\/p>\n\n\n\n<p>A agricultora Marilene dos Santos celebrou a oportunidade de participar da feira e comercializar seus produtos. \u201cEu adoro o que eu fa\u00e7o, sou agricultora desde jovem. O evento est\u00e1 lindo, eu amei ver tantas mulheres juntas e vender bastante tamb\u00e9m. Trouxemos siriguela, batata, coentro, alface, e vendi quase tudo at\u00e9 agora, uma felicidade\u201d, contou.<\/p>\n\n\n\n<p>O artesanato local tamb\u00e9m ganhou destaque, reunindo mulheres que transformam criatividade e talento em fonte de renda. Para Maria Ant\u00f4nia Carneiro, conhecida como Tita Carneiro Artes, a participa\u00e7\u00e3o em eventos como esse \u00e9 fundamental para valorizar o trabalho das artes\u00e3s. \u201cFiquei muito feliz em participar desse evento para as mulheres, achei muito importante colocar n\u00f3s do artesanato em mais um evento. Sempre estou presente nos eventos promovidos pela prefeitura. Sou muito grata\u201d, relatou.<\/p>\n\n\n<div class=\"wp-block-image\">\n<figure class=\"aligncenter size-large\"><img loading=\"lazy\" decoding=\"async\" width=\"1024\" height=\"819\" src=\"https:\/\/informebahia.com\/site\/wp-content\/uploads\/2026\/03\/image-24-1024x819.png\" alt=\"\" class=\"wp-image-30427\" srcset=\"https:\/\/informebahia.com\/site\/wp-content\/uploads\/2026\/03\/image-24-1024x819.png 1024w, https:\/\/informebahia.com\/site\/wp-content\/uploads\/2026\/03\/image-24-300x240.png 300w, https:\/\/informebahia.com\/site\/wp-content\/uploads\/2026\/03\/image-24-768x614.png 768w, https:\/\/informebahia.com\/site\/wp-content\/uploads\/2026\/03\/image-24.png 1280w\" sizes=\"auto, (max-width: 1024px) 100vw, 1024px\" \/><\/figure>\n<\/div>\n\n\n<p>Outro espa\u00e7o que chamou aten\u00e7\u00e3o do p\u00fablico foi a barraca organizada por mulheres empreendedoras que comercializaram alimentos preparados por elas mesmas. Durante o evento, foram vendidos lanches, sequilhos, bolachinhas e beijus feitos na hora, atraindo quem passou pelo local e refor\u00e7ando a proposta de incentivar pequenos neg\u00f3cios liderados por mulheres.<\/p>\n\n\n\n<p>A programa\u00e7\u00e3o contou ainda com atividades voltadas ao desenvolvimento pessoal e profissional das participantes. Entre elas, a palestra \u201cA mulher empreendedora e o meio empresarial\u201d, ministrada por Elisangela Nunes, em parceria com o Sebrae, que abordou temas ligados ao protagonismo feminino no mundo dos neg\u00f3cios, desafios enfrentados pelas mulheres empreendedoras e caminhos para fortalecer a presen\u00e7a feminina no ambiente empresarial.<\/p>\n\n\n\n<p>Outro momento bastante procurado foi a oficina de automaquiagem, conduzida pela maquiadora Tha\u00eds Gabrielle, que trouxe orienta\u00e7\u00f5es pr\u00e1ticas sobre t\u00e9cnicas de maquiagem, autocuidado e valoriza\u00e7\u00e3o da autoestima. A profissional tamb\u00e9m destacou a import\u00e2ncia de promover momentos de aprendizado e troca entre mulheres. \u201c\u00c9 muito interessante estar em um espa\u00e7o cercado de mulheres que est\u00e3o buscando conhecimento, e fico feliz de poder contribuir com a autoestima dessas mulheres\u201d, afirmou.<\/p>\n\n\n\n<p>Com iniciativas que v\u00e3o al\u00e9m da presta\u00e7\u00e3o de servi\u00e7os, o Elas em Movimento se consolidou tamb\u00e9m como um espa\u00e7o de incentivo \u00e0 independ\u00eancia econ\u00f4mica e ao protagonismo feminino, valorizando o talento, o trabalho e a for\u00e7a das mulheres de Concei\u00e7\u00e3o do Coit\u00e9.<\/p>\n","protected":false},"excerpt":{"rendered":"<p>Al\u00e9m dos atendimentos de sa\u00fade e servi\u00e7os oferecidos durante a programa\u00e7\u00e3o, a 1\u00aa edi\u00e7\u00e3o do Elas em Movimento tamb\u00e9m se destacou como um espa\u00e7o de incentivo ao empreendedorismo e \u00e0 autonomia feminina. Durante os tr\u00eas dias de evento, mulheres tiveram a oportunidade de expor, comercializar produtos e compartilhar experi\u00eancias, fortalecendo iniciativas lideradas por elas no [&hellip;]<\/p>\n","protected":false},"author":1,"featured_media":30425,"comment_status":"closed","ping_status":"open","sticky":false,"template":"","format":"standard","meta":{"footnotes":""},"categories":[33],"tags":[],"class_list":["post-30423","post","type-post","status-publish","format-standard","has-post-thumbnail","hentry","category-geral"],"aioseo_notices":[],"_links":{"self":[{"href":"https:\/\/informebahia.com\/site\/wp-json\/wp\/v2\/posts\/30423","targetHints":{"allow":["GET"]}}],"collection":[{"href":"https:\/\/informebahia.com\/site\/wp-json\/wp\/v2\/posts"}],"about":[{"href":"https:\/\/informebahia.com\/site\/wp-json\/wp\/v2\/types\/post"}],"author":[{"embeddable":true,"href":"https:\/\/informebahia.com\/site\/wp-json\/wp\/v2\/users\/1"}],"replies":[{"embeddable":true,"href":"https:\/\/informebahia.com\/site\/wp-json\/wp\/v2\/comments?post=30423"}],"version-history":[{"count":1,"href":"https:\/\/informebahia.com\/site\/wp-json\/wp\/v2\/posts\/30423\/revisions"}],"predecessor-version":[{"id":30429,"href":"https:\/\/informebahia.com\/site\/wp-json\/wp\/v2\/posts\/30423\/revisions\/30429"}],"wp:featuredmedia":[{"embeddable":true,"href":"https:\/\/informebahia.com\/site\/wp-json\/wp\/v2\/media\/30425"}],"wp:attachment":[{"href":"https:\/\/informebahia.com\/site\/wp-json\/wp\/v2\/media?parent=30423"}],"wp:term":[{"taxonomy":"category","embeddable":true,"href":"https:\/\/informebahia.com\/site\/wp-json\/wp\/v2\/categories?post=30423"},{"taxonomy":"post_tag","embeddable":true,"href":"https:\/\/informebahia.com\/site\/wp-json\/wp\/v2\/tags?post=30423"}],"curies":[{"name":"wp","href":"https:\/\/api.w.org\/{rel}","templated":true}]}}