{"id":30430,"date":"2026-03-12T09:36:47","date_gmt":"2026-03-12T12:36:47","guid":{"rendered":"https:\/\/informebahia.com\/site\/?p=30430"},"modified":"2026-03-12T09:39:22","modified_gmt":"2026-03-12T12:39:22","slug":"governador-recebe-prefeito-de-manoel-vitorino-e-discute-investimentos-para-o-municipio","status":"publish","type":"post","link":"https:\/\/informebahia.com\/site\/2026\/03\/12\/governador-recebe-prefeito-de-manoel-vitorino-e-discute-investimentos-para-o-municipio\/","title":{"rendered":"Governador recebe prefeito de Manoel Vitorino e discute investimentos para o munic\u00edpio"},"content":{"rendered":"<div class=\"wp-block-image\">\n<figure class=\"aligncenter size-large\"><img loading=\"lazy\" decoding=\"async\" width=\"1024\" height=\"682\" src=\"https:\/\/informebahia.com\/site\/wp-content\/uploads\/2026\/03\/image-23-1024x682.png\" alt=\"\" class=\"wp-image-30436\" srcset=\"https:\/\/informebahia.com\/site\/wp-content\/uploads\/2026\/03\/image-23-1024x682.png 1024w, https:\/\/informebahia.com\/site\/wp-content\/uploads\/2026\/03\/image-23-300x200.png 300w, https:\/\/informebahia.com\/site\/wp-content\/uploads\/2026\/03\/image-23-768x512.png 768w, https:\/\/informebahia.com\/site\/wp-content\/uploads\/2026\/03\/image-23-1536x1023.png 1536w, https:\/\/informebahia.com\/site\/wp-content\/uploads\/2026\/03\/image-23.png 1600w\" sizes=\"auto, (max-width: 1024px) 100vw, 1024px\" \/><figcaption class=\"wp-element-caption\">Foto Matheus LandimGOVBA<\/figcaption><\/figure>\n<\/div>\n\n\n<p>O governador Jer\u00f4nimo Rodrigues recebeu, nesta quarta-feira (11), o prefeito de Manoel Vitorino, Vinicius Costa, para discutir a\u00e7\u00f5es e investimentos voltados ao desenvolvimento do munic\u00edpio. Durante o encontro, realizado em Salvador, o governador entregou um \u00f4nibus escolar, uma ambul\u00e2ncia e um ve\u00edculo destinado ao transporte de pacientes para Tratamento Fora do Domic\u00edlio (TFD), al\u00e9m de autorizar novos investimentos nas \u00e1reas de sa\u00fade, educa\u00e7\u00e3o e infraestrutura.<\/p>\n\n\n\n<p>O governador destacou que a parceria entre o Governo do Estado e as prefeituras \u00e9 fundamental para ampliar o alcance das pol\u00edticas p\u00fablicas nos munic\u00edpios. Segundo Jer\u00f4nimo Rodrigues, o di\u00e1logo com os gestores locais permite identificar prioridades e direcionar investimentos de forma mais eficiente. \u201cNosso compromisso \u00e9 ouvir as demandas de cada cidade e transform\u00e1-las em a\u00e7\u00f5es concretas. Em Manoel Vitorino, estamos garantindo investimentos que fortalecem \u00e1reas essenciais como sa\u00fade, educa\u00e7\u00e3o e infraestrutura\u201d, afirmou.<\/p>\n\n\n\n<p>Entre as iniciativas autorizadas est\u00e1 a constru\u00e7\u00e3o de uma Unidade B\u00e1sica de Sa\u00fade (UBS) no povoado de Lagoa da Pedra, ampliando o acesso da popula\u00e7\u00e3o aos servi\u00e7os de aten\u00e7\u00e3o prim\u00e1ria. Tamb\u00e9m foi confirmada a constru\u00e7\u00e3o de uma nova creche no munic\u00edpio, com o objetivo de fortalecer a rede de educa\u00e7\u00e3o infantil.<\/p>\n\n\n\n<p>Na \u00e1rea de infraestrutura urbana, o governador autorizou a pavimenta\u00e7\u00e3o com drenagem de 20 vias p\u00fablicas, interven\u00e7\u00e3o que deve contribuir para melhorar a mobilidade, a trafegabilidade e as condi\u00e7\u00f5es de circula\u00e7\u00e3o para moradores e comerciantes.<\/p>\n\n\n\n<p>O prefeito Vinicius Costa ressaltou a relev\u00e2ncia do encontro para o munic\u00edpio. \u201cSa\u00edmos daqui muito felizes. Trouxemos as principais demandas de Manoel Vitorino e fomos atendidos em pautas importantes que v\u00e3o ajudar no desenvolvimento do munic\u00edpio e melhorar a vida da nossa popula\u00e7\u00e3o\u201d, comentou.<\/p>\n","protected":false},"excerpt":{"rendered":"<p>O governador Jer\u00f4nimo Rodrigues recebeu, nesta quarta-feira (11), o prefeito de Manoel Vitorino, Vinicius Costa, para discutir a\u00e7\u00f5es e investimentos voltados ao desenvolvimento do munic\u00edpio. Durante o encontro, realizado em Salvador, o governador entregou um \u00f4nibus escolar, uma ambul\u00e2ncia e um ve\u00edculo destinado ao transporte de pacientes para Tratamento Fora do Domic\u00edlio (TFD), al\u00e9m de [&hellip;]<\/p>\n","protected":false},"author":1,"featured_media":30432,"comment_status":"closed","ping_status":"open","sticky":false,"template":"","format":"standard","meta":{"footnotes":""},"categories":[33],"tags":[],"class_list":["post-30430","post","type-post","status-publish","format-standard","has-post-thumbnail","hentry","category-geral"],"aioseo_notices":[],"_links":{"self":[{"href":"https:\/\/informebahia.com\/site\/wp-json\/wp\/v2\/posts\/30430","targetHints":{"allow":["GET"]}}],"collection":[{"href":"https:\/\/informebahia.com\/site\/wp-json\/wp\/v2\/posts"}],"about":[{"href":"https:\/\/informebahia.com\/site\/wp-json\/wp\/v2\/types\/post"}],"author":[{"embeddable":true,"href":"https:\/\/informebahia.com\/site\/wp-json\/wp\/v2\/users\/1"}],"replies":[{"embeddable":true,"href":"https:\/\/informebahia.com\/site\/wp-json\/wp\/v2\/comments?post=30430"}],"version-history":[{"count":2,"href":"https:\/\/informebahia.com\/site\/wp-json\/wp\/v2\/posts\/30430\/revisions"}],"predecessor-version":[{"id":30437,"href":"https:\/\/informebahia.com\/site\/wp-json\/wp\/v2\/posts\/30430\/revisions\/30437"}],"wp:featuredmedia":[{"embeddable":true,"href":"https:\/\/informebahia.com\/site\/wp-json\/wp\/v2\/media\/30432"}],"wp:attachment":[{"href":"https:\/\/informebahia.com\/site\/wp-json\/wp\/v2\/media?parent=30430"}],"wp:term":[{"taxonomy":"category","embeddable":true,"href":"https:\/\/informebahia.com\/site\/wp-json\/wp\/v2\/categories?post=30430"},{"taxonomy":"post_tag","embeddable":true,"href":"https:\/\/informebahia.com\/site\/wp-json\/wp\/v2\/tags?post=30430"}],"curies":[{"name":"wp","href":"https:\/\/api.w.org\/{rel}","templated":true}]}}