{"id":30457,"date":"2026-03-12T16:19:41","date_gmt":"2026-03-12T19:19:41","guid":{"rendered":"https:\/\/informebahia.com\/site\/?p=30457"},"modified":"2026-03-12T16:19:42","modified_gmt":"2026-03-12T19:19:42","slug":"mais-um-edu-sofre-ruptura-no-tendao-de-aquiles-e-passara-por-cirurgia-no-vitoria","status":"publish","type":"post","link":"https:\/\/informebahia.com\/site\/2026\/03\/12\/mais-um-edu-sofre-ruptura-no-tendao-de-aquiles-e-passara-por-cirurgia-no-vitoria\/","title":{"rendered":"Mais um: Edu sofre ruptura no tend\u00e3o de Aquiles e passar\u00e1 por cirurgia no Vit\u00f3ria"},"content":{"rendered":"<div class=\"wp-block-image\">\n<figure class=\"aligncenter size-large\"><img loading=\"lazy\" decoding=\"async\" width=\"1024\" height=\"538\" src=\"https:\/\/informebahia.com\/site\/wp-content\/uploads\/2026\/03\/image-29-1024x538.png\" alt=\"\" class=\"wp-image-30459\" srcset=\"https:\/\/informebahia.com\/site\/wp-content\/uploads\/2026\/03\/image-29-1024x538.png 1024w, https:\/\/informebahia.com\/site\/wp-content\/uploads\/2026\/03\/image-29-300x158.png 300w, https:\/\/informebahia.com\/site\/wp-content\/uploads\/2026\/03\/image-29-768x403.png 768w, https:\/\/informebahia.com\/site\/wp-content\/uploads\/2026\/03\/image-29.png 1200w\" sizes=\"auto, (max-width: 1024px) 100vw, 1024px\" \/><figcaption class=\"wp-element-caption\">oto: Reprodu\u00e7\u00e3o\/Instagram\/@hub.comunicacao<\/figcaption><\/figure>\n<\/div>\n\n\n<p>O Vit\u00f3ria confirmou nesta quinta-feira (12) que o zagueiro Edu sofreu uma ruptura completa do tend\u00e3o de Aquiles do lado esquerdo e passar\u00e1 por cirurgia. A les\u00e3o aconteceu no duelo contra o Bahia, na \u00faltima quarta-feira (11), na Casa de Apostas Arena Fonte Nova, pela 5\u00aa rodada do Campeonato Brasileiro. O tempo de recupera\u00e7\u00e3o previsto varia entre seis e oito meses.<\/p>\n\n\n\n<p>Segundo o gerente m\u00e9dico do Le\u00e3o, Marcelo C\u00f4rtes, o clube j\u00e1 iniciou os procedimentos necess\u00e1rios para que o atleta seja operado o quanto antes e possa iniciar o processo de recupera\u00e7\u00e3o.<\/p>\n\n\n\n<p>&#8220;Estamos agilizando os exames pr\u00e9-operat\u00f3rios e os exames de imagem para efeito de documenta\u00e7\u00e3o, para que o tratamento seja feito da forma mais breve poss\u00edvel e que ele possa tamb\u00e9m iniciar o processo de reabilita\u00e7\u00e3o o mais r\u00e1pido poss\u00edvel&#8221;, explicou o m\u00e9dico.<\/p>\n\n\n\n<p>Edu havia retornado recentemente aos gramados ap\u00f3s cerca de um m\u00eas afastado entre janeiro e fevereiro. O zagueiro voltou a atuar contra o Jacuipense, na semifinal do Campeonato Baiano, no dia 1\u00ba de mar\u00e7o, e tamb\u00e9m participou do Ba-Vi da final estadual, antes de sofrer a nova les\u00e3o na \u00faltima quarta-feira.<\/p>\n\n\n\n<p>Al\u00e9m de Edu e do volante Dudu,\u00a0que tamb\u00e9m deve ficar cerca de oito meses fora, seguem no departamento m\u00e9dico do Vit\u00f3ria os jogadores Luan C\u00e2ndido, Renzo L\u00f3pez, Alexandre Fintelman, Pedro Henrique e R\u00faben Ismael.<\/p>\n\n\n\n<p>Ap\u00f3s o empate com o Bahia, o Vit\u00f3ria volta a campo neste s\u00e1bado (14), \u00e0s 18h30, contra o Atl\u00e9tico Mineiro, no Barrad\u00e3o, pela 6\u00aa rodada do Campeonato Brasileiro.\u00a0<\/p>\n\n\n\n<p class=\"has-text-align-right\">Por Bahia Noticias<\/p>\n","protected":false},"excerpt":{"rendered":"<p>O Vit\u00f3ria confirmou nesta quinta-feira (12) que o zagueiro Edu sofreu uma ruptura completa do tend\u00e3o de Aquiles do lado esquerdo e passar\u00e1 por cirurgia. A les\u00e3o aconteceu no duelo contra o Bahia, na \u00faltima quarta-feira (11), na Casa de Apostas Arena Fonte Nova, pela 5\u00aa rodada do Campeonato Brasileiro. O tempo de recupera\u00e7\u00e3o previsto [&hellip;]<\/p>\n","protected":false},"author":1,"featured_media":30459,"comment_status":"closed","ping_status":"open","sticky":false,"template":"","format":"standard","meta":{"footnotes":""},"categories":[20],"tags":[],"class_list":["post-30457","post","type-post","status-publish","format-standard","has-post-thumbnail","hentry","category-esporte"],"aioseo_notices":[],"_links":{"self":[{"href":"https:\/\/informebahia.com\/site\/wp-json\/wp\/v2\/posts\/30457","targetHints":{"allow":["GET"]}}],"collection":[{"href":"https:\/\/informebahia.com\/site\/wp-json\/wp\/v2\/posts"}],"about":[{"href":"https:\/\/informebahia.com\/site\/wp-json\/wp\/v2\/types\/post"}],"author":[{"embeddable":true,"href":"https:\/\/informebahia.com\/site\/wp-json\/wp\/v2\/users\/1"}],"replies":[{"embeddable":true,"href":"https:\/\/informebahia.com\/site\/wp-json\/wp\/v2\/comments?post=30457"}],"version-history":[{"count":1,"href":"https:\/\/informebahia.com\/site\/wp-json\/wp\/v2\/posts\/30457\/revisions"}],"predecessor-version":[{"id":30460,"href":"https:\/\/informebahia.com\/site\/wp-json\/wp\/v2\/posts\/30457\/revisions\/30460"}],"wp:featuredmedia":[{"embeddable":true,"href":"https:\/\/informebahia.com\/site\/wp-json\/wp\/v2\/media\/30459"}],"wp:attachment":[{"href":"https:\/\/informebahia.com\/site\/wp-json\/wp\/v2\/media?parent=30457"}],"wp:term":[{"taxonomy":"category","embeddable":true,"href":"https:\/\/informebahia.com\/site\/wp-json\/wp\/v2\/categories?post=30457"},{"taxonomy":"post_tag","embeddable":true,"href":"https:\/\/informebahia.com\/site\/wp-json\/wp\/v2\/tags?post=30457"}],"curies":[{"name":"wp","href":"https:\/\/api.w.org\/{rel}","templated":true}]}}