{"id":30461,"date":"2026-03-13T20:14:42","date_gmt":"2026-03-13T23:14:42","guid":{"rendered":"https:\/\/informebahia.com\/site\/?p=30461"},"modified":"2026-03-20T19:49:37","modified_gmt":"2026-03-20T22:49:37","slug":"prefeito-de-retirolandia-apresenta-novos-veiculos-e-assina-ordem-de-servico-na-abertura-da-exporetiro","status":"publish","type":"post","link":"https:\/\/informebahia.com\/site\/2026\/03\/13\/prefeito-de-retirolandia-apresenta-novos-veiculos-e-assina-ordem-de-servico-na-abertura-da-exporetiro\/","title":{"rendered":"Prefeito de Retirolandia apresenta novos ve\u00edculos e assina ordem de servi\u00e7o na abertura da ExpoRetiro"},"content":{"rendered":"<div class=\"wp-block-image\">\n<figure class=\"aligncenter size-large\"><img loading=\"lazy\" decoding=\"async\" width=\"1024\" height=\"576\" src=\"https:\/\/informebahia.com\/site\/wp-content\/uploads\/2026\/03\/DSC09198-1-1024x576.jpg\" alt=\"\" class=\"wp-image-30463\" srcset=\"https:\/\/informebahia.com\/site\/wp-content\/uploads\/2026\/03\/DSC09198-1-1024x576.jpg 1024w, https:\/\/informebahia.com\/site\/wp-content\/uploads\/2026\/03\/DSC09198-1-300x169.jpg 300w, https:\/\/informebahia.com\/site\/wp-content\/uploads\/2026\/03\/DSC09198-1-768x432.jpg 768w, https:\/\/informebahia.com\/site\/wp-content\/uploads\/2026\/03\/DSC09198-1-1536x864.jpg 1536w\" sizes=\"auto, (max-width: 1024px) 100vw, 1024px\" \/><\/figure>\n<\/div>\n\n\n<p>A Prefeitura de Retirol\u00e2ndia realizou nesta noite a abertura oficial da 1\u00aa ExpoRetiro e da 12\u00aa Feira da Agricultura Familiar e economia solid\u00e1ria (FEAFES). O momento contou com a presen\u00e7a do prefeito, vice-prefeito, vereadores, secret\u00e1rios e diversas lideran\u00e7as do munic\u00edpio, marcando o in\u00edcio de um grande evento voltado \u00e0 valoriza\u00e7\u00e3o dos produtores, da agricultura familiar e ao fortalecimento da economia local.<\/p>\n\n\n\n<p>Na oportunidade, tamb\u00e9m foi assinada a ordem de servi\u00e7o para a constru\u00e7\u00e3o da cobertura e de um restaurante no Centro de Comercializa\u00e7\u00e3o de Animais (Curral), um investimento que vai garantir mais estrutura, organiza\u00e7\u00e3o e conforto para produtores e comerciantes.<\/p>\n\n\n\n<p>Durante a abertura, tamb\u00e9m foram apresentadas importantes conquistas para o munic\u00edpio:<br>Uma van TFD, que vai garantir mais conforto no transporte de pacientes da sa\u00fade.<br>Uma van executiva para a educa\u00e7\u00e3o, adquirida com recursos pr\u00f3prios.<br>Uma ambul\u00e2ncia Hilux 0 km, que chega para refor\u00e7ar o atendimento da sa\u00fade no munic\u00edpio.<\/p>\n\n\n\n<p>A ExpoRetiro e a FEAFES seguem at\u00e9 domingo, promovendo gera\u00e7\u00e3o de renda, valoriza\u00e7\u00e3o do homem e da mulher do campo e movimentando o com\u00e9rcio local.<\/p>\n\n\n\n<p>Na sexta-feira, o p\u00fablico contar\u00e1 com atra\u00e7\u00f5es musicais e, no s\u00e1bado, o evento ter\u00e1 show com a banda P\u00e1gina Virada, animando ainda mais essa grande festa.<\/p>\n","protected":false},"excerpt":{"rendered":"<p>A Prefeitura de Retirol\u00e2ndia realizou nesta noite a abertura oficial da 1\u00aa ExpoRetiro e da 12\u00aa Feira da Agricultura Familiar e economia solid\u00e1ria (FEAFES). O momento contou com a presen\u00e7a do prefeito, vice-prefeito, vereadores, secret\u00e1rios e diversas lideran\u00e7as do munic\u00edpio, marcando o in\u00edcio de um grande evento voltado \u00e0 valoriza\u00e7\u00e3o dos produtores, da agricultura familiar [&hellip;]<\/p>\n","protected":false},"author":1,"featured_media":30463,"comment_status":"closed","ping_status":"open","sticky":false,"template":"","format":"standard","meta":{"footnotes":""},"categories":[33],"tags":[],"class_list":["post-30461","post","type-post","status-publish","format-standard","has-post-thumbnail","hentry","category-geral"],"aioseo_notices":[],"_links":{"self":[{"href":"https:\/\/informebahia.com\/site\/wp-json\/wp\/v2\/posts\/30461","targetHints":{"allow":["GET"]}}],"collection":[{"href":"https:\/\/informebahia.com\/site\/wp-json\/wp\/v2\/posts"}],"about":[{"href":"https:\/\/informebahia.com\/site\/wp-json\/wp\/v2\/types\/post"}],"author":[{"embeddable":true,"href":"https:\/\/informebahia.com\/site\/wp-json\/wp\/v2\/users\/1"}],"replies":[{"embeddable":true,"href":"https:\/\/informebahia.com\/site\/wp-json\/wp\/v2\/comments?post=30461"}],"version-history":[{"count":2,"href":"https:\/\/informebahia.com\/site\/wp-json\/wp\/v2\/posts\/30461\/revisions"}],"predecessor-version":[{"id":30465,"href":"https:\/\/informebahia.com\/site\/wp-json\/wp\/v2\/posts\/30461\/revisions\/30465"}],"wp:featuredmedia":[{"embeddable":true,"href":"https:\/\/informebahia.com\/site\/wp-json\/wp\/v2\/media\/30463"}],"wp:attachment":[{"href":"https:\/\/informebahia.com\/site\/wp-json\/wp\/v2\/media?parent=30461"}],"wp:term":[{"taxonomy":"category","embeddable":true,"href":"https:\/\/informebahia.com\/site\/wp-json\/wp\/v2\/categories?post=30461"},{"taxonomy":"post_tag","embeddable":true,"href":"https:\/\/informebahia.com\/site\/wp-json\/wp\/v2\/tags?post=30461"}],"curies":[{"name":"wp","href":"https:\/\/api.w.org\/{rel}","templated":true}]}}