{"id":8841,"date":"2022-03-04T09:10:58","date_gmt":"2022-03-04T12:10:58","guid":{"rendered":"http:\/\/informebahia.com\/site\/?p=8841"},"modified":"2022-03-04T09:11:03","modified_gmt":"2022-03-04T12:11:03","slug":"executiva-do-pt-se-reune-neste-sabado-para-discutir-composicao-da-chapa","status":"publish","type":"post","link":"https:\/\/informebahia.com\/site\/2022\/03\/04\/executiva-do-pt-se-reune-neste-sabado-para-discutir-composicao-da-chapa\/","title":{"rendered":"Executiva do PT se re\u00fane neste s\u00e1bado para discutir composi\u00e7\u00e3o da chapa"},"content":{"rendered":"\n<div class=\"wp-block-image\"><figure class=\"aligncenter size-full\"><img loading=\"lazy\" decoding=\"async\" width=\"580\" height=\"427\" src=\"https:\/\/informebahia.com\/site\/wp-content\/uploads\/2022\/03\/IMAGEM_NOTICIA_5.jpg\" alt=\"\" class=\"wp-image-8842\" srcset=\"https:\/\/informebahia.com\/site\/wp-content\/uploads\/2022\/03\/IMAGEM_NOTICIA_5.jpg 580w, https:\/\/informebahia.com\/site\/wp-content\/uploads\/2022\/03\/IMAGEM_NOTICIA_5-300x221.jpg 300w, https:\/\/informebahia.com\/site\/wp-content\/uploads\/2022\/03\/IMAGEM_NOTICIA_5-570x420.jpg 570w, https:\/\/informebahia.com\/site\/wp-content\/uploads\/2022\/03\/IMAGEM_NOTICIA_5-80x60.jpg 80w\" sizes=\"auto, (max-width: 580px) 100vw, 580px\" \/><\/figure><\/div>\n\n\n\n<p>A reuni\u00e3o da Executiva do PT que aconteceria nesta sexta-feira (4) foi adiada para o s\u00e1bado (5). Informa\u00e7\u00f5es obtidas pelo Bahia Not\u00edcias d\u00e3o conta de que a legenda n\u00e3o conseguiu concluir o di\u00e1logo com o PSB e o PCdoB, presididos no estado por L\u00eddice da Mata e Deividson Magalh\u00e3es, respectivamente.<\/p>\n\n\n\n<p>A decis\u00e3o pelo adiamento foi tomada para ter as opini\u00f5es de todos os membros do grupo governista. A expectativa \u00e9 de que sejam apresentadas propostas para que o PT indique tamb\u00e9m a vice da chapa que deve ser encabe\u00e7ada por Otto Alencar, embora a vaga j\u00e1 esteja endere\u00e7ada a um nome do PP. \u00a0O PT j\u00e1 deve ocupar\u00a0 a candidatura ao Senado com Rui Costa.<\/p>\n\n\n\n<p class=\"has-text-align-right\">Via Bahia Noticias<\/p>\n","protected":false},"excerpt":{"rendered":"<p>A reuni\u00e3o da Executiva do PT que aconteceria nesta sexta-feira (4) foi adiada para o s\u00e1bado (5). Informa\u00e7\u00f5es obtidas pelo Bahia Not\u00edcias d\u00e3o conta de que a legenda n\u00e3o conseguiu concluir o di\u00e1logo com o PSB e o PCdoB, presididos no estado por L\u00eddice da Mata e Deividson Magalh\u00e3es, respectivamente. A decis\u00e3o pelo adiamento foi [&hellip;]<\/p>\n","protected":false},"author":2,"featured_media":8842,"comment_status":"closed","ping_status":"open","sticky":false,"template":"","format":"standard","meta":{"footnotes":""},"categories":[17],"tags":[],"class_list":["post-8841","post","type-post","status-publish","format-standard","has-post-thumbnail","hentry","category-politica"],"aioseo_notices":[],"_links":{"self":[{"href":"https:\/\/informebahia.com\/site\/wp-json\/wp\/v2\/posts\/8841","targetHints":{"allow":["GET"]}}],"collection":[{"href":"https:\/\/informebahia.com\/site\/wp-json\/wp\/v2\/posts"}],"about":[{"href":"https:\/\/informebahia.com\/site\/wp-json\/wp\/v2\/types\/post"}],"author":[{"embeddable":true,"href":"https:\/\/informebahia.com\/site\/wp-json\/wp\/v2\/users\/2"}],"replies":[{"embeddable":true,"href":"https:\/\/informebahia.com\/site\/wp-json\/wp\/v2\/comments?post=8841"}],"version-history":[{"count":1,"href":"https:\/\/informebahia.com\/site\/wp-json\/wp\/v2\/posts\/8841\/revisions"}],"predecessor-version":[{"id":8843,"href":"https:\/\/informebahia.com\/site\/wp-json\/wp\/v2\/posts\/8841\/revisions\/8843"}],"wp:featuredmedia":[{"embeddable":true,"href":"https:\/\/informebahia.com\/site\/wp-json\/wp\/v2\/media\/8842"}],"wp:attachment":[{"href":"https:\/\/informebahia.com\/site\/wp-json\/wp\/v2\/media?parent=8841"}],"wp:term":[{"taxonomy":"category","embeddable":true,"href":"https:\/\/informebahia.com\/site\/wp-json\/wp\/v2\/categories?post=8841"},{"taxonomy":"post_tag","embeddable":true,"href":"https:\/\/informebahia.com\/site\/wp-json\/wp\/v2\/tags?post=8841"}],"curies":[{"name":"wp","href":"https:\/\/api.w.org\/{rel}","templated":true}]}}