{"id":8849,"date":"2022-03-05T08:51:03","date_gmt":"2022-03-05T11:51:03","guid":{"rendered":"http:\/\/informebahia.com\/site\/?p=8849"},"modified":"2022-03-05T08:51:07","modified_gmt":"2022-03-05T11:51:07","slug":"casa-pega-fogo-enquanto-dono-dormia","status":"publish","type":"post","link":"https:\/\/informebahia.com\/site\/2022\/03\/05\/casa-pega-fogo-enquanto-dono-dormia\/","title":{"rendered":"Casa pega fogo enquanto dono dormia"},"content":{"rendered":"\n<div class=\"wp-block-image\"><figure class=\"aligncenter size-full\"><img loading=\"lazy\" decoding=\"async\" width=\"550\" height=\"405\" src=\"https:\/\/informebahia.com\/site\/wp-content\/uploads\/2022\/03\/IMAGEM_NOTICIA_5-1.jpg\" alt=\"\" class=\"wp-image-8850\" srcset=\"https:\/\/informebahia.com\/site\/wp-content\/uploads\/2022\/03\/IMAGEM_NOTICIA_5-1.jpg 550w, https:\/\/informebahia.com\/site\/wp-content\/uploads\/2022\/03\/IMAGEM_NOTICIA_5-1-300x221.jpg 300w, https:\/\/informebahia.com\/site\/wp-content\/uploads\/2022\/03\/IMAGEM_NOTICIA_5-1-80x60.jpg 80w\" sizes=\"auto, (max-width: 550px) 100vw, 550px\" \/><\/figure><\/div>\n\n\n\n<p>Uma casa pegou fogo nesta sexta-feira (4) em Teixeira de Freitas, no Extremo Sul baiano. O dono do im\u00f3vel dormia quando as chamas se espalhavam e foi resgatado pelo Corpo de Bombeiros. O homem saiu pelos fundos da resid\u00eancia. Segundo a TV Santa Cruz, o fato ocorreu no bairro S\u00e3o Louren\u00e7o.<\/p>\n\n\n\n<p>Logo que o fogo come\u00e7ou a se alastrar, moradores acionaram os bombeiros. Os agentes chegaram e para debelar as chamas precisaram ainda de um carro-pipa. Uma retroescavadeira tamb\u00e9m foi usada para retirar todo material inflam\u00e1vel do local. Ferro velho e material recicl\u00e1vel ajudaram o fogo a se espalhar pelo im\u00f3vel.<\/p>\n\n\n\n<p>Al\u00e9m do propriet\u00e1rio, os bombeiros conseguiram tirar um cachorro do im\u00f3vel em chamas. O animal, que \u00e9 chamado de Spike, estava em embaixo de um m\u00f3vel e foi entregue ao dono. Tanto o dono do im\u00f3vel quanto o c\u00e3o n\u00e3o sofreram ferimentos.<\/p>\n\n\n\n<p class=\"has-text-align-right\">Via Bahia Noticias<\/p>\n","protected":false},"excerpt":{"rendered":"<p>Uma casa pegou fogo nesta sexta-feira (4) em Teixeira de Freitas, no Extremo Sul baiano. O dono do im\u00f3vel dormia quando as chamas se espalhavam e foi resgatado pelo Corpo de Bombeiros. O homem saiu pelos fundos da resid\u00eancia. Segundo a TV Santa Cruz, o fato ocorreu no bairro S\u00e3o Louren\u00e7o. Logo que o fogo [&hellip;]<\/p>\n","protected":false},"author":2,"featured_media":8850,"comment_status":"closed","ping_status":"open","sticky":false,"template":"","format":"standard","meta":{"footnotes":""},"categories":[33],"tags":[],"class_list":["post-8849","post","type-post","status-publish","format-standard","has-post-thumbnail","hentry","category-geral"],"aioseo_notices":[],"_links":{"self":[{"href":"https:\/\/informebahia.com\/site\/wp-json\/wp\/v2\/posts\/8849","targetHints":{"allow":["GET"]}}],"collection":[{"href":"https:\/\/informebahia.com\/site\/wp-json\/wp\/v2\/posts"}],"about":[{"href":"https:\/\/informebahia.com\/site\/wp-json\/wp\/v2\/types\/post"}],"author":[{"embeddable":true,"href":"https:\/\/informebahia.com\/site\/wp-json\/wp\/v2\/users\/2"}],"replies":[{"embeddable":true,"href":"https:\/\/informebahia.com\/site\/wp-json\/wp\/v2\/comments?post=8849"}],"version-history":[{"count":1,"href":"https:\/\/informebahia.com\/site\/wp-json\/wp\/v2\/posts\/8849\/revisions"}],"predecessor-version":[{"id":8851,"href":"https:\/\/informebahia.com\/site\/wp-json\/wp\/v2\/posts\/8849\/revisions\/8851"}],"wp:featuredmedia":[{"embeddable":true,"href":"https:\/\/informebahia.com\/site\/wp-json\/wp\/v2\/media\/8850"}],"wp:attachment":[{"href":"https:\/\/informebahia.com\/site\/wp-json\/wp\/v2\/media?parent=8849"}],"wp:term":[{"taxonomy":"category","embeddable":true,"href":"https:\/\/informebahia.com\/site\/wp-json\/wp\/v2\/categories?post=8849"},{"taxonomy":"post_tag","embeddable":true,"href":"https:\/\/informebahia.com\/site\/wp-json\/wp\/v2\/tags?post=8849"}],"curies":[{"name":"wp","href":"https:\/\/api.w.org\/{rel}","templated":true}]}}