{"id":8852,"date":"2022-03-05T09:02:46","date_gmt":"2022-03-05T12:02:46","guid":{"rendered":"http:\/\/informebahia.com\/site\/?p=8852"},"modified":"2022-03-05T09:05:37","modified_gmt":"2022-03-05T12:05:37","slug":"em-salvador-rui-participa-da-posse-da-procuradora-geral-de-justica-da-bahia","status":"publish","type":"post","link":"https:\/\/informebahia.com\/site\/2022\/03\/05\/em-salvador-rui-participa-da-posse-da-procuradora-geral-de-justica-da-bahia\/","title":{"rendered":"Em Salvador, Rui participa da posse da procuradora-geral de justi\u00e7a da Bahia"},"content":{"rendered":"\n<p><br><\/p>\n\n\n\n<div class=\"wp-block-image\"><figure class=\"aligncenter size-full\"><img loading=\"lazy\" decoding=\"async\" width=\"580\" height=\"387\" src=\"https:\/\/informebahia.com\/site\/wp-content\/uploads\/2022\/03\/Foto_Carol-Garcia_GOVBA-3.jpg\" alt=\"\" class=\"wp-image-8853\" srcset=\"https:\/\/informebahia.com\/site\/wp-content\/uploads\/2022\/03\/Foto_Carol-Garcia_GOVBA-3.jpg 580w, https:\/\/informebahia.com\/site\/wp-content\/uploads\/2022\/03\/Foto_Carol-Garcia_GOVBA-3-300x200.jpg 300w\" sizes=\"auto, (max-width: 580px) 100vw, 580px\" \/><\/figure><\/div>\n\n\n\n<p>Ap\u00f3s inaugurar a nova Maternidade Frei Justo Venture, em Seabra, na regi\u00e3o da Chapada Diamantina, o governador Rui Costa participou, nesta sexta-feira (4), da solenidade de posse da procuradora-geral de Justi\u00e7a do Minist\u00e9rio P\u00fablico da Bahia (MPBA), promotora Norma Ang\u00e9lica Cavalcanti, que j\u00e1 exerce a fun\u00e7\u00e3o desde fevereiro de 2020 e chefiar\u00e1 a institui\u00e7\u00e3o durante o bi\u00eanio 2022-2024, reconduzida pelo pr\u00f3prio governador.<\/p>\n\n\n\n<p><br>O ato ocorreu na sede do MP, no Centro Administrativo da Bahia (CAB), em Salvador, com a presen\u00e7a de autoridades e magistrados, tanto no modo presencial quanto por videoconfer\u00eancia. Rui declarou que a promotora Norma Cavalcanti \u201cprega o di\u00e1logo e o entendimento das institui\u00e7\u00f5es, e o nosso pa\u00eds est\u00e1 precisando disso: de di\u00e1logo, de entendimento e de atitudes proativas, de atitudes preventivas de \u00f3rg\u00e3os de fiscaliza\u00e7\u00e3o e controle. Quando todos podem se juntar para evitar que qualquer dano ou erro aconte\u00e7a, a sociedade ganha e os mais pobres ganham\u201d.<\/p>\n\n\n\n<p><br><\/p>\n\n\n\n<div class=\"wp-block-image\"><figure class=\"aligncenter size-full\"><img loading=\"lazy\" decoding=\"async\" width=\"580\" height=\"387\" src=\"https:\/\/informebahia.com\/site\/wp-content\/uploads\/2022\/03\/Foto_Carol-Garcia_GOVBA-2.jpg\" alt=\"\" class=\"wp-image-8854\" srcset=\"https:\/\/informebahia.com\/site\/wp-content\/uploads\/2022\/03\/Foto_Carol-Garcia_GOVBA-2.jpg 580w, https:\/\/informebahia.com\/site\/wp-content\/uploads\/2022\/03\/Foto_Carol-Garcia_GOVBA-2-300x200.jpg 300w\" sizes=\"auto, (max-width: 580px) 100vw, 580px\" \/><\/figure><\/div>\n\n\n\n<p>O procurador-geral de justi\u00e7a representa o MP junto ao Tribunal de Justi\u00e7a quando o processo entra em grau de recurso. Norma Cavalcanti considera que os desafios para a pr\u00f3xima gest\u00e3o ser\u00e3o \u201csalvar vidas, combater o crime, diminuir o n\u00famero de homic\u00eddios. Essa \u00e9 a nossa meta\u201d. A procuradora-geral tamb\u00e9m deixou uma mensagem de representatividade para as mulheres que, assim como ela, desejam ocupar espa\u00e7os de poder. \u201cQue eu seja uma mudan\u00e7a para todas as mulheres. N\u00f3s temos compet\u00eancia para exercer qualquer cargo\u201d, completou.<\/p>\n\n\n\n<p><br>Natural do munic\u00edpio de Inhambupe, a procuradora-geral de Justi\u00e7a tem 64 anos e ingressou no MPBA baiano em 1992. Foi promotora de Justi\u00e7a nas cidades de Ibitiara, Araci, C\u00edcero Dantas e Alagoinhas, sendo promovida para Salvador em 1999. Coordenou o Centro de Apoio Operacional \u00e0s Promotorias de Justi\u00e7a Criminais (Caocrim) e tamb\u00e9m foi presidente da Associa\u00e7\u00e3o do Minist\u00e9rio P\u00fablico da Bahia (Ampeb) e da Associa\u00e7\u00e3o Nacional dos Membros do Minist\u00e9rio P\u00fablico (Conamp).<\/p>\n\n\n\n<p class=\"has-text-align-right\">Fotos: Secom\/GOVBA<\/p>\n","protected":false},"excerpt":{"rendered":"<p>Ap\u00f3s inaugurar a nova Maternidade Frei Justo Venture, em Seabra, na regi\u00e3o da Chapada Diamantina, o governador Rui Costa participou, nesta sexta-feira (4), da solenidade de posse da procuradora-geral de Justi\u00e7a do Minist\u00e9rio P\u00fablico da Bahia (MPBA), promotora Norma Ang\u00e9lica Cavalcanti, que j\u00e1 exerce a fun\u00e7\u00e3o desde fevereiro de 2020 e chefiar\u00e1 a institui\u00e7\u00e3o durante [&hellip;]<\/p>\n","protected":false},"author":2,"featured_media":8854,"comment_status":"closed","ping_status":"open","sticky":false,"template":"","format":"standard","meta":{"footnotes":""},"categories":[33],"tags":[],"class_list":["post-8852","post","type-post","status-publish","format-standard","has-post-thumbnail","hentry","category-geral"],"aioseo_notices":[],"_links":{"self":[{"href":"https:\/\/informebahia.com\/site\/wp-json\/wp\/v2\/posts\/8852","targetHints":{"allow":["GET"]}}],"collection":[{"href":"https:\/\/informebahia.com\/site\/wp-json\/wp\/v2\/posts"}],"about":[{"href":"https:\/\/informebahia.com\/site\/wp-json\/wp\/v2\/types\/post"}],"author":[{"embeddable":true,"href":"https:\/\/informebahia.com\/site\/wp-json\/wp\/v2\/users\/2"}],"replies":[{"embeddable":true,"href":"https:\/\/informebahia.com\/site\/wp-json\/wp\/v2\/comments?post=8852"}],"version-history":[{"count":2,"href":"https:\/\/informebahia.com\/site\/wp-json\/wp\/v2\/posts\/8852\/revisions"}],"predecessor-version":[{"id":8857,"href":"https:\/\/informebahia.com\/site\/wp-json\/wp\/v2\/posts\/8852\/revisions\/8857"}],"wp:featuredmedia":[{"embeddable":true,"href":"https:\/\/informebahia.com\/site\/wp-json\/wp\/v2\/media\/8854"}],"wp:attachment":[{"href":"https:\/\/informebahia.com\/site\/wp-json\/wp\/v2\/media?parent=8852"}],"wp:term":[{"taxonomy":"category","embeddable":true,"href":"https:\/\/informebahia.com\/site\/wp-json\/wp\/v2\/categories?post=8852"},{"taxonomy":"post_tag","embeddable":true,"href":"https:\/\/informebahia.com\/site\/wp-json\/wp\/v2\/tags?post=8852"}],"curies":[{"name":"wp","href":"https:\/\/api.w.org\/{rel}","templated":true}]}}