{"id":8904,"date":"2022-03-08T13:24:15","date_gmt":"2022-03-08T16:24:15","guid":{"rendered":"http:\/\/informebahia.com\/site\/?p=8904"},"modified":"2022-03-08T13:24:18","modified_gmt":"2022-03-08T16:24:18","slug":"lateral-direito-andre-do-bahia-e-convocado-para-selecao-brasileira-sub-20","status":"publish","type":"post","link":"https:\/\/informebahia.com\/site\/2022\/03\/08\/lateral-direito-andre-do-bahia-e-convocado-para-selecao-brasileira-sub-20\/","title":{"rendered":"Lateral-direito Andr\u00e9, do Bahia, \u00e9 convocado para Sele\u00e7\u00e3o Brasileira sub-20"},"content":{"rendered":"\n<div class=\"wp-block-image\"><figure class=\"aligncenter size-full\"><img loading=\"lazy\" decoding=\"async\" width=\"550\" height=\"405\" src=\"https:\/\/informebahia.com\/site\/wp-content\/uploads\/2022\/03\/IMAGEM_BAHIA_5.jpg\" alt=\"\" class=\"wp-image-8905\" srcset=\"https:\/\/informebahia.com\/site\/wp-content\/uploads\/2022\/03\/IMAGEM_BAHIA_5.jpg 550w, https:\/\/informebahia.com\/site\/wp-content\/uploads\/2022\/03\/IMAGEM_BAHIA_5-300x221.jpg 300w, https:\/\/informebahia.com\/site\/wp-content\/uploads\/2022\/03\/IMAGEM_BAHIA_5-80x60.jpg 80w\" sizes=\"auto, (max-width: 550px) 100vw, 550px\" \/><\/figure><\/div>\n\n\n\n<p>Presen\u00e7a constante nos \u00faltimos jogos do Bahia, o lateral-direito Andr\u00e9 foi convocado para a Sele\u00e7\u00e3o Brasileira sub-20 nesta ter\u00e7a-feira (8). O atleta foi chamado pelo t\u00e9cnico Ramon Menezes para compor o grupo que vai disputar amistosos preparat\u00f3rios em Salvador.<\/p>\n\n\n\n<p>De olho no Sul-Americano sub-20 em 2023, a equipe ir\u00e1 enfrentar os times da mesma categoria do Bahia, Vit\u00f3ria e Cana\u00e3. As partidas ir\u00e3o acontecer entre os dias 21 e 29 de mar\u00e7o.<\/p>\n\n\n\n<p>Essa n\u00e3o \u00e9 a primeira vez que Andr\u00e9 recebe um chamado do Brasil. No ano passado, o atleta esteve na Sele\u00e7\u00e3o sub-18.\u00a0<\/p>\n\n\n\n<p>Confira a lista completa dos convocados:<\/p>\n\n\n\n<p><strong>Goleiros:<\/strong><br>Mycael &#8211; Athletico Paranaense<br>Kaique &#8211; \u00a0Palmeiras<br>Kau\u00e3 &#8211; Flamengo<\/p>\n\n\n\n<p><strong>Laterais:<\/strong><br>Lucas Kawan &#8211; Gr\u00eamio<br>Andr\u00e9 Dhominique &#8211; Bahia<br>Patryck &#8211; S\u00e3o Paulo<br>Cuiabano &#8211; Gr\u00eamio<\/p>\n\n\n\n<p><strong>Zagueiros:<\/strong><br>Lucas Belezi &#8211; Corinthians<br>Weverton &#8211; Cruzeiro<br>Robert &#8211; Corinthians<br>R\u00f4mulo &#8211; Atl\u00e9tico Mineiro<\/p>\n\n\n\n<p><strong>Meio-campistas:<\/strong><br>Juninho &#8211; Athletico Paranaense<br>Andrey &#8211; Vasco da Gama<br>Marlon Gomes &#8211; Vasco da Gama<br>Jader &#8211; Athletico Paranaense<br>Weslley Patati &#8211; Santos<br>Matheus Fran\u00e7a &#8211; Flamengo<\/p>\n\n\n\n<p><strong>Atacantes:\u00a0<\/strong><br>Werton &#8211; Flamengo<br>S\u00e1vio &#8211; Atl\u00e9tico Mineiro<br>Marcos Leonardo &#8211; Santos<br>Matheus Nascimento &#8211; Botafogo\u00a0<br>Matheus Martins &#8211; Fluminense<br>Giovani &#8211; Palmeiras\u00a0<\/p>\n\n\n\n<p class=\"has-text-align-right\">Via Bahia Noticias<\/p>\n","protected":false},"excerpt":{"rendered":"<p>Presen\u00e7a constante nos \u00faltimos jogos do Bahia, o lateral-direito Andr\u00e9 foi convocado para a Sele\u00e7\u00e3o Brasileira sub-20 nesta ter\u00e7a-feira (8). O atleta foi chamado pelo t\u00e9cnico Ramon Menezes para compor o grupo que vai disputar amistosos preparat\u00f3rios em Salvador. De olho no Sul-Americano sub-20 em 2023, a equipe ir\u00e1 enfrentar os times da mesma categoria [&hellip;]<\/p>\n","protected":false},"author":2,"featured_media":8905,"comment_status":"closed","ping_status":"open","sticky":false,"template":"","format":"standard","meta":{"footnotes":""},"categories":[20],"tags":[],"class_list":["post-8904","post","type-post","status-publish","format-standard","has-post-thumbnail","hentry","category-esporte"],"aioseo_notices":[],"_links":{"self":[{"href":"https:\/\/informebahia.com\/site\/wp-json\/wp\/v2\/posts\/8904","targetHints":{"allow":["GET"]}}],"collection":[{"href":"https:\/\/informebahia.com\/site\/wp-json\/wp\/v2\/posts"}],"about":[{"href":"https:\/\/informebahia.com\/site\/wp-json\/wp\/v2\/types\/post"}],"author":[{"embeddable":true,"href":"https:\/\/informebahia.com\/site\/wp-json\/wp\/v2\/users\/2"}],"replies":[{"embeddable":true,"href":"https:\/\/informebahia.com\/site\/wp-json\/wp\/v2\/comments?post=8904"}],"version-history":[{"count":1,"href":"https:\/\/informebahia.com\/site\/wp-json\/wp\/v2\/posts\/8904\/revisions"}],"predecessor-version":[{"id":8906,"href":"https:\/\/informebahia.com\/site\/wp-json\/wp\/v2\/posts\/8904\/revisions\/8906"}],"wp:featuredmedia":[{"embeddable":true,"href":"https:\/\/informebahia.com\/site\/wp-json\/wp\/v2\/media\/8905"}],"wp:attachment":[{"href":"https:\/\/informebahia.com\/site\/wp-json\/wp\/v2\/media?parent=8904"}],"wp:term":[{"taxonomy":"category","embeddable":true,"href":"https:\/\/informebahia.com\/site\/wp-json\/wp\/v2\/categories?post=8904"},{"taxonomy":"post_tag","embeddable":true,"href":"https:\/\/informebahia.com\/site\/wp-json\/wp\/v2\/tags?post=8904"}],"curies":[{"name":"wp","href":"https:\/\/api.w.org\/{rel}","templated":true}]}}