{"id":8910,"date":"2022-03-09T16:37:06","date_gmt":"2022-03-09T19:37:06","guid":{"rendered":"http:\/\/informebahia.com\/site\/?p=8910"},"modified":"2022-03-09T16:37:09","modified_gmt":"2022-03-09T19:37:09","slug":"municipio-de-retirolandia-implanta-projeto-ament","status":"publish","type":"post","link":"https:\/\/informebahia.com\/site\/2022\/03\/09\/municipio-de-retirolandia-implanta-projeto-ament\/","title":{"rendered":"Munic\u00edpio de Retirol\u00e2ndia implanta Projeto AMENT"},"content":{"rendered":"\n<div class=\"wp-block-image\"><figure class=\"aligncenter size-full\"><img loading=\"lazy\" decoding=\"async\" width=\"550\" height=\"261\" src=\"https:\/\/informebahia.com\/site\/wp-content\/uploads\/2022\/03\/fff.jpg\" alt=\"\" class=\"wp-image-8911\" srcset=\"https:\/\/informebahia.com\/site\/wp-content\/uploads\/2022\/03\/fff.jpg 550w, https:\/\/informebahia.com\/site\/wp-content\/uploads\/2022\/03\/fff-300x142.jpg 300w\" sizes=\"auto, (max-width: 550px) 100vw, 550px\" \/><\/figure><\/div>\n\n\n\n<p>A Secretaria Municipal de Sa\u00fade implantou o Projeto Federal AMENT &#8211; Equipe Multiprofissional de Aten\u00e7\u00e3o Especializada em Sa\u00fade Mental e as a\u00e7\u00f5es j\u00e1 come\u00e7am nesta quarta-feira (09).Mais uma vez o Munic\u00edpio \u00e9 privilegiado, o projeto nesta etapa est\u00e1 sendo implantado em apenas dois munic\u00edpios da regi\u00e3o sisaleira e Retirol\u00e2ndia \u00e9 um deles. <\/p>\n\n\n\n<p>O Projeto AMENT tem como objetivo oferecer aten\u00e7\u00e3o integral \u00e0s pessoas com transtornos mentais moderados, em car\u00e1ter multiprofissional, respondendo \u00e0 necessidade de atendimento em sa\u00fade mental especializado.<\/p>\n\n\n\n<p>A equipe contar\u00e1 com 2 psiquiatras, 3 psic\u00f3logos, 1 neurologista, 1 assistente social e 1 oficineiro.Retirol\u00e2ndia avan\u00e7a em todos os \u00e2mbitos e voc\u00ea \u00e9 o principal beneficiado.<\/p>\n\n\n\n<p class=\"has-text-align-right\">Ascom\/PMR<\/p>\n\n\n\n<div class=\"wp-block-image\"><figure class=\"aligncenter size-full\"><img loading=\"lazy\" decoding=\"async\" width=\"550\" height=\"688\" src=\"https:\/\/informebahia.com\/site\/wp-content\/uploads\/2022\/03\/275607163_1291037224717557_3249080987354402631_n.jpg\" alt=\"\" class=\"wp-image-8912\" srcset=\"https:\/\/informebahia.com\/site\/wp-content\/uploads\/2022\/03\/275607163_1291037224717557_3249080987354402631_n.jpg 550w, https:\/\/informebahia.com\/site\/wp-content\/uploads\/2022\/03\/275607163_1291037224717557_3249080987354402631_n-240x300.jpg 240w, https:\/\/informebahia.com\/site\/wp-content\/uploads\/2022\/03\/275607163_1291037224717557_3249080987354402631_n-336x420.jpg 336w\" sizes=\"auto, (max-width: 550px) 100vw, 550px\" \/><\/figure><\/div>\n","protected":false},"excerpt":{"rendered":"<p>A Secretaria Municipal de Sa\u00fade implantou o Projeto Federal AMENT &#8211; Equipe Multiprofissional de Aten\u00e7\u00e3o Especializada em Sa\u00fade Mental e as a\u00e7\u00f5es j\u00e1 come\u00e7am nesta quarta-feira (09).Mais uma vez o Munic\u00edpio \u00e9 privilegiado, o projeto nesta etapa est\u00e1 sendo implantado em apenas dois munic\u00edpios da regi\u00e3o sisaleira e Retirol\u00e2ndia \u00e9 um deles. O Projeto AMENT [&hellip;]<\/p>\n","protected":false},"author":2,"featured_media":8911,"comment_status":"closed","ping_status":"open","sticky":false,"template":"","format":"standard","meta":{"footnotes":""},"categories":[2],"tags":[],"class_list":["post-8910","post","type-post","status-publish","format-standard","has-post-thumbnail","hentry","category-destaq"],"aioseo_notices":[],"_links":{"self":[{"href":"https:\/\/informebahia.com\/site\/wp-json\/wp\/v2\/posts\/8910","targetHints":{"allow":["GET"]}}],"collection":[{"href":"https:\/\/informebahia.com\/site\/wp-json\/wp\/v2\/posts"}],"about":[{"href":"https:\/\/informebahia.com\/site\/wp-json\/wp\/v2\/types\/post"}],"author":[{"embeddable":true,"href":"https:\/\/informebahia.com\/site\/wp-json\/wp\/v2\/users\/2"}],"replies":[{"embeddable":true,"href":"https:\/\/informebahia.com\/site\/wp-json\/wp\/v2\/comments?post=8910"}],"version-history":[{"count":1,"href":"https:\/\/informebahia.com\/site\/wp-json\/wp\/v2\/posts\/8910\/revisions"}],"predecessor-version":[{"id":8913,"href":"https:\/\/informebahia.com\/site\/wp-json\/wp\/v2\/posts\/8910\/revisions\/8913"}],"wp:featuredmedia":[{"embeddable":true,"href":"https:\/\/informebahia.com\/site\/wp-json\/wp\/v2\/media\/8911"}],"wp:attachment":[{"href":"https:\/\/informebahia.com\/site\/wp-json\/wp\/v2\/media?parent=8910"}],"wp:term":[{"taxonomy":"category","embeddable":true,"href":"https:\/\/informebahia.com\/site\/wp-json\/wp\/v2\/categories?post=8910"},{"taxonomy":"post_tag","embeddable":true,"href":"https:\/\/informebahia.com\/site\/wp-json\/wp\/v2\/tags?post=8910"}],"curies":[{"name":"wp","href":"https:\/\/api.w.org\/{rel}","templated":true}]}}