{"id":8924,"date":"2022-03-10T20:31:43","date_gmt":"2022-03-10T23:31:43","guid":{"rendered":"http:\/\/informebahia.com\/site\/?p=8924"},"modified":"2022-03-10T20:31:46","modified_gmt":"2022-03-10T23:31:46","slug":"delegado-da-policia-civil-da-bahia-profere-palestra-em-capacitacao-que-esta-sendo-realizada-em-valente","status":"publish","type":"post","link":"https:\/\/informebahia.com\/site\/2022\/03\/10\/delegado-da-policia-civil-da-bahia-profere-palestra-em-capacitacao-que-esta-sendo-realizada-em-valente\/","title":{"rendered":"Delegado da Pol\u00edcia Civil da Bahia profere palestra em capacita\u00e7\u00e3o que est\u00e1 sendo realizada em Valente"},"content":{"rendered":"\n<div class=\"wp-block-image\"><figure class=\"aligncenter size-full\"><img loading=\"lazy\" decoding=\"async\" width=\"580\" height=\"435\" src=\"https:\/\/informebahia.com\/site\/wp-content\/uploads\/2022\/03\/5-3.jpg\" alt=\"\" class=\"wp-image-8925\" srcset=\"https:\/\/informebahia.com\/site\/wp-content\/uploads\/2022\/03\/5-3.jpg 580w, https:\/\/informebahia.com\/site\/wp-content\/uploads\/2022\/03\/5-3-300x225.jpg 300w, https:\/\/informebahia.com\/site\/wp-content\/uploads\/2022\/03\/5-3-560x420.jpg 560w, https:\/\/informebahia.com\/site\/wp-content\/uploads\/2022\/03\/5-3-80x60.jpg 80w, https:\/\/informebahia.com\/site\/wp-content\/uploads\/2022\/03\/5-3-265x198.jpg 265w\" sizes=\"auto, (max-width: 580px) 100vw, 580px\" \/><\/figure><\/div>\n\n\n\n<p>O Delegado da Pol\u00edcia Civil da Bahia, Dr. Jesus Pablo, que atuou no Departamento de Homic\u00eddio de Prote\u00e7\u00e3o a Pessoas e atualmente \u00e9 Coordenador de Opera\u00e7\u00f5es do Departamento de Repreens\u00e3o ao Crime Organizado da Bahia, participou nesta quinta-feira (11) do treinamento promovido pela Academia da Pol\u00edcia Civil da Bahia \u2013 ACADEPOL, onde tratou do tema Servi\u00e7o de Investiga\u00e7\u00e3o de Local de Crime.<\/p>\n\n\n\n<p>A capacita\u00e7\u00e3o contempla Policiais Civis dos 19 munic\u00edpios que comp\u00f5em a 15\u00aa Coordenadoria de Pol\u00edcia e faz parte do Projeto Acadepol Treinamento e Desenvolvimento \u2013 T&amp;D, e integra o planejamento de interioriza\u00e7\u00e3o da capacita\u00e7\u00e3o da Academia da Pol\u00edcia Civil, bem como, objetiva o aperfei\u00e7oamento do policial civil em procedimentos e protocolos b\u00e1sicos da atua\u00e7\u00e3o policial e busca atender \u00e0 demanda de capacita\u00e7\u00e3o da Coordena\u00e7\u00e3o Regional.<\/p>\n\n\n\n<div class=\"wp-block-image\"><figure class=\"aligncenter size-full\"><img loading=\"lazy\" decoding=\"async\" width=\"580\" height=\"435\" src=\"https:\/\/informebahia.com\/site\/wp-content\/uploads\/2022\/03\/2-2-768x576-1.jpg\" alt=\"\" class=\"wp-image-8926\" srcset=\"https:\/\/informebahia.com\/site\/wp-content\/uploads\/2022\/03\/2-2-768x576-1.jpg 580w, https:\/\/informebahia.com\/site\/wp-content\/uploads\/2022\/03\/2-2-768x576-1-300x225.jpg 300w, https:\/\/informebahia.com\/site\/wp-content\/uploads\/2022\/03\/2-2-768x576-1-560x420.jpg 560w, https:\/\/informebahia.com\/site\/wp-content\/uploads\/2022\/03\/2-2-768x576-1-80x60.jpg 80w, https:\/\/informebahia.com\/site\/wp-content\/uploads\/2022\/03\/2-2-768x576-1-265x198.jpg 265w\" sizes=\"auto, (max-width: 580px) 100vw, 580px\" \/><\/figure><\/div>\n\n\n\n<p>Em entrevista \u00e0 Diretoria de Comunica\u00e7\u00e3o da Prefeitura de Valente ele falou da import\u00e2ncia do tema. \u201cN\u00f3s viemos aqui trazer um pouco de nossa experi\u00eancia, falar sobre a import\u00e2ncia da investiga\u00e7\u00e3o de local de crime, da necessidade de isolamento e preserva\u00e7\u00e3o do local de crime, para que seja poss\u00edvel realizar investiga\u00e7\u00f5es mais exitosas e promover uma Bahia mais segura, realizando um trabalho de intenso combate \u00e0 impunidade.\u201d<\/p>\n\n\n\n<div class=\"wp-block-image\"><figure class=\"aligncenter size-full\"><img loading=\"lazy\" decoding=\"async\" width=\"580\" height=\"435\" src=\"https:\/\/informebahia.com\/site\/wp-content\/uploads\/2022\/03\/4-3-768x576-1.jpg\" alt=\"\" class=\"wp-image-8927\" srcset=\"https:\/\/informebahia.com\/site\/wp-content\/uploads\/2022\/03\/4-3-768x576-1.jpg 580w, https:\/\/informebahia.com\/site\/wp-content\/uploads\/2022\/03\/4-3-768x576-1-300x225.jpg 300w, https:\/\/informebahia.com\/site\/wp-content\/uploads\/2022\/03\/4-3-768x576-1-560x420.jpg 560w, https:\/\/informebahia.com\/site\/wp-content\/uploads\/2022\/03\/4-3-768x576-1-80x60.jpg 80w, https:\/\/informebahia.com\/site\/wp-content\/uploads\/2022\/03\/4-3-768x576-1-265x198.jpg 265w\" sizes=\"auto, (max-width: 580px) 100vw, 580px\" \/><\/figure><\/div>\n\n\n\n<p>Ainda em sua fala, destacou o trabalho desenvolvido pelos policiais da 15\u00aa COORPIN. \u201cOs policiais da 15\u00aa Coorpin s\u00e3o uns verdadeiros her\u00f3is. S\u00e3o poucos, mas s\u00e3o dedicados, abnegados e fazem um servi\u00e7o fant\u00e1stico. E esse treinamento vem qualificar ainda mais esses profissionais, que j\u00e1 s\u00e3o bem preparados e dar uma melhor resposta \u00e0 sociedade, promovendo investiga\u00e7\u00f5es mais efetivas, para que a gente alcance os malfeitores, e tire de circula\u00e7\u00e3o os bandidos, para que o homem de bem, a popula\u00e7\u00e3o de bem, possa ter a tranquilidade para trabalhar e viver em paz\u201d.<\/p>\n\n\n\n<p>Finalizou falando da criminalidade na Bahia. \u201cN\u00f3s temos uma din\u00e2mica de viol\u00eancia urbana que n\u00e3o conhece mais fronteiras. A criminalidade, o tr\u00e1fico de drogas, est\u00e3o no ambiente urbano e rural. \u00c9 algo que a Bahia precisa acordar para se preparar e conseguir frear.\u201d<\/p>\n\n\n\n<div class=\"wp-block-image\"><figure class=\"aligncenter size-full\"><img loading=\"lazy\" decoding=\"async\" width=\"580\" height=\"435\" src=\"https:\/\/informebahia.com\/site\/wp-content\/uploads\/2022\/03\/3-1.jpg\" alt=\"\" class=\"wp-image-8928\" srcset=\"https:\/\/informebahia.com\/site\/wp-content\/uploads\/2022\/03\/3-1.jpg 580w, https:\/\/informebahia.com\/site\/wp-content\/uploads\/2022\/03\/3-1-300x225.jpg 300w, https:\/\/informebahia.com\/site\/wp-content\/uploads\/2022\/03\/3-1-560x420.jpg 560w, https:\/\/informebahia.com\/site\/wp-content\/uploads\/2022\/03\/3-1-80x60.jpg 80w, https:\/\/informebahia.com\/site\/wp-content\/uploads\/2022\/03\/3-1-265x198.jpg 265w\" sizes=\"auto, (max-width: 580px) 100vw, 580px\" \/><\/figure><\/div>\n","protected":false},"excerpt":{"rendered":"<p>O Delegado da Pol\u00edcia Civil da Bahia, Dr. Jesus Pablo, que atuou no Departamento de Homic\u00eddio de Prote\u00e7\u00e3o a Pessoas e atualmente \u00e9 Coordenador de Opera\u00e7\u00f5es do Departamento de Repreens\u00e3o ao Crime Organizado da Bahia, participou nesta quinta-feira (11) do treinamento promovido pela Academia da Pol\u00edcia Civil da Bahia \u2013 ACADEPOL, onde tratou do tema [&hellip;]<\/p>\n","protected":false},"author":2,"featured_media":8925,"comment_status":"closed","ping_status":"open","sticky":false,"template":"","format":"standard","meta":{"footnotes":""},"categories":[26],"tags":[],"class_list":["post-8924","post","type-post","status-publish","format-standard","has-post-thumbnail","hentry","category-fatospolicias"],"aioseo_notices":[],"_links":{"self":[{"href":"https:\/\/informebahia.com\/site\/wp-json\/wp\/v2\/posts\/8924","targetHints":{"allow":["GET"]}}],"collection":[{"href":"https:\/\/informebahia.com\/site\/wp-json\/wp\/v2\/posts"}],"about":[{"href":"https:\/\/informebahia.com\/site\/wp-json\/wp\/v2\/types\/post"}],"author":[{"embeddable":true,"href":"https:\/\/informebahia.com\/site\/wp-json\/wp\/v2\/users\/2"}],"replies":[{"embeddable":true,"href":"https:\/\/informebahia.com\/site\/wp-json\/wp\/v2\/comments?post=8924"}],"version-history":[{"count":1,"href":"https:\/\/informebahia.com\/site\/wp-json\/wp\/v2\/posts\/8924\/revisions"}],"predecessor-version":[{"id":8929,"href":"https:\/\/informebahia.com\/site\/wp-json\/wp\/v2\/posts\/8924\/revisions\/8929"}],"wp:featuredmedia":[{"embeddable":true,"href":"https:\/\/informebahia.com\/site\/wp-json\/wp\/v2\/media\/8925"}],"wp:attachment":[{"href":"https:\/\/informebahia.com\/site\/wp-json\/wp\/v2\/media?parent=8924"}],"wp:term":[{"taxonomy":"category","embeddable":true,"href":"https:\/\/informebahia.com\/site\/wp-json\/wp\/v2\/categories?post=8924"},{"taxonomy":"post_tag","embeddable":true,"href":"https:\/\/informebahia.com\/site\/wp-json\/wp\/v2\/tags?post=8924"}],"curies":[{"name":"wp","href":"https:\/\/api.w.org\/{rel}","templated":true}]}}