{"id":8940,"date":"2022-03-14T14:19:55","date_gmt":"2022-03-14T17:19:55","guid":{"rendered":"http:\/\/informebahia.com\/site\/?p=8940"},"modified":"2022-03-14T15:16:38","modified_gmt":"2022-03-14T18:16:38","slug":"funcionario-publico-natural-de-coite-e-encontrado-morto-em-retirolandia","status":"publish","type":"post","link":"https:\/\/informebahia.com\/site\/2022\/03\/14\/funcionario-publico-natural-de-coite-e-encontrado-morto-em-retirolandia\/","title":{"rendered":"Funcion\u00e1rio p\u00fablico natural de Coit\u00e9 \u00e9 encontrado morto em Retirol\u00e2ndia"},"content":{"rendered":"\n<div class=\"wp-block-image\"><figure class=\"aligncenter size-full\"><img loading=\"lazy\" decoding=\"async\" width=\"550\" height=\"309\" src=\"https:\/\/informebahia.com\/site\/wp-content\/uploads\/2022\/03\/lele.jpg\" alt=\"\" class=\"wp-image-8941\" srcset=\"https:\/\/informebahia.com\/site\/wp-content\/uploads\/2022\/03\/lele.jpg 550w, https:\/\/informebahia.com\/site\/wp-content\/uploads\/2022\/03\/lele-300x169.jpg 300w\" sizes=\"auto, (max-width: 550px) 100vw, 550px\" \/><\/figure><\/div>\n\n\n\n<p>Na manh\u00e3 desta segunda-feira (14), o funcion\u00e1rio p\u00fablico do poder Judici\u00e1rio de Retirol\u00e2ndia identificado como Wellington Oliveira Carneiro, conhecido por \u2018Lel\u00ea\u2019 foi encontrado morto, supostamente o mesmo cometeu suic\u00eddio por enforcamento.<\/p>\n\n\n\n<p>\u2018Lel\u00ea\u2019 trabalhava no F\u00f3rum de Retirol\u00e2ndia a muitos anos, a prefeitura divulgou nota de pesar. A v\u00edtima era natural de Concei\u00e7\u00e3o do Coit\u00e9 filho do ex-vereador Ju\u00edca, irm\u00e3o de Nenem, Aurinho e outros. Ele deixou a esposa e uma filha maior de idade.<\/p>\n\n\n\n<p>Um \u00e1udio foi compartilhado nas redes sociais, supostamente da v\u00edtima narrando uma d\u00edvida, que pode se a causa que levou o mesmo a tirar a pr\u00f3pria vida. &nbsp;<\/p>\n\n\n\n<p>At\u00e9 a publica\u00e7\u00e3o dessa mat\u00e9ria n\u00e3o foram informados o local e o hor\u00e1rio do sepultamento.<\/p>\n\n\n\n<p class=\"has-text-align-right\">Reda\u00e7\u00e3o IB<\/p>\n","protected":false},"excerpt":{"rendered":"<p>Na manh\u00e3 desta segunda-feira (14), o funcion\u00e1rio p\u00fablico do poder Judici\u00e1rio de Retirol\u00e2ndia identificado como Wellington Oliveira Carneiro, conhecido por \u2018Lel\u00ea\u2019 foi encontrado morto, supostamente o mesmo cometeu suic\u00eddio por enforcamento. \u2018Lel\u00ea\u2019 trabalhava no F\u00f3rum de Retirol\u00e2ndia a muitos anos, a prefeitura divulgou nota de pesar. A v\u00edtima era natural de Concei\u00e7\u00e3o do Coit\u00e9 filho [&hellip;]<\/p>\n","protected":false},"author":2,"featured_media":8941,"comment_status":"closed","ping_status":"open","sticky":false,"template":"","format":"standard","meta":{"footnotes":""},"categories":[2],"tags":[],"class_list":["post-8940","post","type-post","status-publish","format-standard","has-post-thumbnail","hentry","category-destaq"],"aioseo_notices":[],"_links":{"self":[{"href":"https:\/\/informebahia.com\/site\/wp-json\/wp\/v2\/posts\/8940","targetHints":{"allow":["GET"]}}],"collection":[{"href":"https:\/\/informebahia.com\/site\/wp-json\/wp\/v2\/posts"}],"about":[{"href":"https:\/\/informebahia.com\/site\/wp-json\/wp\/v2\/types\/post"}],"author":[{"embeddable":true,"href":"https:\/\/informebahia.com\/site\/wp-json\/wp\/v2\/users\/2"}],"replies":[{"embeddable":true,"href":"https:\/\/informebahia.com\/site\/wp-json\/wp\/v2\/comments?post=8940"}],"version-history":[{"count":2,"href":"https:\/\/informebahia.com\/site\/wp-json\/wp\/v2\/posts\/8940\/revisions"}],"predecessor-version":[{"id":8944,"href":"https:\/\/informebahia.com\/site\/wp-json\/wp\/v2\/posts\/8940\/revisions\/8944"}],"wp:featuredmedia":[{"embeddable":true,"href":"https:\/\/informebahia.com\/site\/wp-json\/wp\/v2\/media\/8941"}],"wp:attachment":[{"href":"https:\/\/informebahia.com\/site\/wp-json\/wp\/v2\/media?parent=8940"}],"wp:term":[{"taxonomy":"category","embeddable":true,"href":"https:\/\/informebahia.com\/site\/wp-json\/wp\/v2\/categories?post=8940"},{"taxonomy":"post_tag","embeddable":true,"href":"https:\/\/informebahia.com\/site\/wp-json\/wp\/v2\/tags?post=8940"}],"curies":[{"name":"wp","href":"https:\/\/api.w.org\/{rel}","templated":true}]}}