{"id":8951,"date":"2022-03-16T08:27:17","date_gmt":"2022-03-16T11:27:17","guid":{"rendered":"http:\/\/informebahia.com\/site\/?p=8951"},"modified":"2022-03-16T08:27:20","modified_gmt":"2022-03-16T11:27:20","slug":"casamento-de-rui-e-wagner-esta-em-crise-diz-joao-leao","status":"publish","type":"post","link":"https:\/\/informebahia.com\/site\/2022\/03\/16\/casamento-de-rui-e-wagner-esta-em-crise-diz-joao-leao\/","title":{"rendered":"&#8216;Casamento de Rui e Wagner est\u00e1 em crise&#8217;, diz Jo\u00e3o Le\u00e3o"},"content":{"rendered":"\n<div class=\"wp-block-image\"><figure class=\"aligncenter size-full\"><img loading=\"lazy\" decoding=\"async\" width=\"550\" height=\"426\" src=\"https:\/\/informebahia.com\/site\/wp-content\/uploads\/2022\/03\/csm_joao_leao__2__bacd5282f3.jpeg\" alt=\"\" class=\"wp-image-8946\" srcset=\"https:\/\/informebahia.com\/site\/wp-content\/uploads\/2022\/03\/csm_joao_leao__2__bacd5282f3.jpeg 550w, https:\/\/informebahia.com\/site\/wp-content\/uploads\/2022\/03\/csm_joao_leao__2__bacd5282f3-300x232.jpeg 300w, https:\/\/informebahia.com\/site\/wp-content\/uploads\/2022\/03\/csm_joao_leao__2__bacd5282f3-542x420.jpeg 542w\" sizes=\"auto, (max-width: 550px) 100vw, 550px\" \/><\/figure><\/div>\n\n\n\n<p>O vice-governador Jo\u00e3o Le\u00e3o (PP) insinuou que a rela\u00e7\u00e3o entre o governador Rui Costa e o senador Jaques Wagner passa por uma crise. O l\u00edder progressista na Bahia indicou um estremecimento entre os petistas ap\u00f3s as indefini\u00e7\u00f5es na chapa governista que culminou na sua sa\u00edda da alian\u00e7a.<\/p>\n\n\n\n<p>\u201cAli tem dois casamentos. O meu com Rui e o de Rui com Jaques Wagner. O casamento de Rui com Wagner est\u00e1 em crise. Eu passei a ser o culpado da crise. N\u00e3o tenho absolutamente nada a ver com os problemas de Rui Costa e Jaques Wagner e paguei a culpa. Vamos falar a verdade\u201d, disparou Le\u00e3o durante entrevista para a R\u00e1dio Sociedade na manh\u00e3 desta quarta-feira (16).<\/p>\n\n\n\n<p>Quando questionado se sentia-se\u00a0tra\u00eddo, ap\u00f3s, segundo ele, os petistas n\u00e3o terem cumprido o acordo no qual ele assumiria o governo por nove meses, Le\u00e3o deixou uma inc\u00f3gnita: \u201cEu estou traindo ou eu fui tra\u00eddo? \u00c9 uma quest\u00e3o de ponto de vista e de realidade dos fatos\u201d, pontuou.<\/p>\n\n\n\n<p>Tudo indica que Le\u00e3o ser\u00e1 o candidato ao Senado na chapa encabe\u00e7ada por ACM Neto (UB). O an\u00fancio do acordo pol\u00edtico acontece at\u00e9 a pr\u00f3xima quinta-feira (17).<\/p>\n\n\n\n<p class=\"has-text-align-right\">Via Bahia Noticias<\/p>\n","protected":false},"excerpt":{"rendered":"<p>O vice-governador Jo\u00e3o Le\u00e3o (PP) insinuou que a rela\u00e7\u00e3o entre o governador Rui Costa e o senador Jaques Wagner passa por uma crise. O l\u00edder progressista na Bahia indicou um estremecimento entre os petistas ap\u00f3s as indefini\u00e7\u00f5es na chapa governista que culminou na sua sa\u00edda da alian\u00e7a. \u201cAli tem dois casamentos. O meu com Rui [&hellip;]<\/p>\n","protected":false},"author":2,"featured_media":8946,"comment_status":"closed","ping_status":"open","sticky":false,"template":"","format":"standard","meta":{"footnotes":""},"categories":[17],"tags":[],"class_list":["post-8951","post","type-post","status-publish","format-standard","has-post-thumbnail","hentry","category-politica"],"aioseo_notices":[],"_links":{"self":[{"href":"https:\/\/informebahia.com\/site\/wp-json\/wp\/v2\/posts\/8951","targetHints":{"allow":["GET"]}}],"collection":[{"href":"https:\/\/informebahia.com\/site\/wp-json\/wp\/v2\/posts"}],"about":[{"href":"https:\/\/informebahia.com\/site\/wp-json\/wp\/v2\/types\/post"}],"author":[{"embeddable":true,"href":"https:\/\/informebahia.com\/site\/wp-json\/wp\/v2\/users\/2"}],"replies":[{"embeddable":true,"href":"https:\/\/informebahia.com\/site\/wp-json\/wp\/v2\/comments?post=8951"}],"version-history":[{"count":1,"href":"https:\/\/informebahia.com\/site\/wp-json\/wp\/v2\/posts\/8951\/revisions"}],"predecessor-version":[{"id":8952,"href":"https:\/\/informebahia.com\/site\/wp-json\/wp\/v2\/posts\/8951\/revisions\/8952"}],"wp:featuredmedia":[{"embeddable":true,"href":"https:\/\/informebahia.com\/site\/wp-json\/wp\/v2\/media\/8946"}],"wp:attachment":[{"href":"https:\/\/informebahia.com\/site\/wp-json\/wp\/v2\/media?parent=8951"}],"wp:term":[{"taxonomy":"category","embeddable":true,"href":"https:\/\/informebahia.com\/site\/wp-json\/wp\/v2\/categories?post=8951"},{"taxonomy":"post_tag","embeddable":true,"href":"https:\/\/informebahia.com\/site\/wp-json\/wp\/v2\/tags?post=8951"}],"curies":[{"name":"wp","href":"https:\/\/api.w.org\/{rel}","templated":true}]}}