{"id":9009,"date":"2022-03-22T13:41:05","date_gmt":"2022-03-22T16:41:05","guid":{"rendered":"http:\/\/informebahia.com\/site\/?p=9009"},"modified":"2022-03-22T13:41:08","modified_gmt":"2022-03-22T16:41:08","slug":"jovem-e-preso-ao-ser-flagrado-com-porcoes-de-maconha-e-crack-em-queimadas","status":"publish","type":"post","link":"https:\/\/informebahia.com\/site\/2022\/03\/22\/jovem-e-preso-ao-ser-flagrado-com-porcoes-de-maconha-e-crack-em-queimadas\/","title":{"rendered":"Jovem \u00e9 preso ao ser flagrado com por\u00e7\u00f5es de maconha e crack em Queimadas"},"content":{"rendered":"\n<div class=\"wp-block-image\"><figure class=\"aligncenter size-full\"><img loading=\"lazy\" decoding=\"async\" width=\"540\" height=\"643\" src=\"https:\/\/informebahia.com\/site\/wp-content\/uploads\/2022\/03\/photo_2022-03-22_02-13-11.jpg\" alt=\"\" class=\"wp-image-9010\" srcset=\"https:\/\/informebahia.com\/site\/wp-content\/uploads\/2022\/03\/photo_2022-03-22_02-13-11.jpg 540w, https:\/\/informebahia.com\/site\/wp-content\/uploads\/2022\/03\/photo_2022-03-22_02-13-11-252x300.jpg 252w, https:\/\/informebahia.com\/site\/wp-content\/uploads\/2022\/03\/photo_2022-03-22_02-13-11-353x420.jpg 353w\" sizes=\"auto, (max-width: 540px) 100vw, 540px\" \/><\/figure><\/div>\n\n\n\n<p>Um jovem de 25 anos foi preso ap\u00f3s ser flagrado com uma por\u00e7\u00e3o de maconha e dezesseis pedras de crack na segunda-feira (21), em Queimadas, regi\u00e3o sisaleira da Bahia. De acordo com informa\u00e7\u00f5es da Pol\u00edcia Militar, ele e outra pessoa trafegavam em uma motocicleta quando foram abordados na BA-120. <\/p>\n\n\n\n<p>A pol\u00edcia informou que, ao avistar a viatura, o suspeito dispensou um saco contendo as drogas. Ainda de acordo com a PM, o jovem alegou ser usu\u00e1rio. Ele foi encaminhado \u00e0 Delegacia de Pol\u00edcia Civil, onde assinou um Termo Circunstanciado de Ocorr\u00eancia (TCO) e foi liberado.<\/p>\n\n\n\n<p class=\"has-text-align-right\">Not\u00edcias de Santaluz<\/p>\n","protected":false},"excerpt":{"rendered":"<p>Um jovem de 25 anos foi preso ap\u00f3s ser flagrado com uma por\u00e7\u00e3o de maconha e dezesseis pedras de crack na segunda-feira (21), em Queimadas, regi\u00e3o sisaleira da Bahia. De acordo com informa\u00e7\u00f5es da Pol\u00edcia Militar, ele e outra pessoa trafegavam em uma motocicleta quando foram abordados na BA-120. A pol\u00edcia informou que, ao avistar [&hellip;]<\/p>\n","protected":false},"author":2,"featured_media":9010,"comment_status":"closed","ping_status":"open","sticky":false,"template":"","format":"standard","meta":{"footnotes":""},"categories":[26],"tags":[],"class_list":["post-9009","post","type-post","status-publish","format-standard","has-post-thumbnail","hentry","category-fatospolicias"],"aioseo_notices":[],"_links":{"self":[{"href":"https:\/\/informebahia.com\/site\/wp-json\/wp\/v2\/posts\/9009","targetHints":{"allow":["GET"]}}],"collection":[{"href":"https:\/\/informebahia.com\/site\/wp-json\/wp\/v2\/posts"}],"about":[{"href":"https:\/\/informebahia.com\/site\/wp-json\/wp\/v2\/types\/post"}],"author":[{"embeddable":true,"href":"https:\/\/informebahia.com\/site\/wp-json\/wp\/v2\/users\/2"}],"replies":[{"embeddable":true,"href":"https:\/\/informebahia.com\/site\/wp-json\/wp\/v2\/comments?post=9009"}],"version-history":[{"count":1,"href":"https:\/\/informebahia.com\/site\/wp-json\/wp\/v2\/posts\/9009\/revisions"}],"predecessor-version":[{"id":9011,"href":"https:\/\/informebahia.com\/site\/wp-json\/wp\/v2\/posts\/9009\/revisions\/9011"}],"wp:featuredmedia":[{"embeddable":true,"href":"https:\/\/informebahia.com\/site\/wp-json\/wp\/v2\/media\/9010"}],"wp:attachment":[{"href":"https:\/\/informebahia.com\/site\/wp-json\/wp\/v2\/media?parent=9009"}],"wp:term":[{"taxonomy":"category","embeddable":true,"href":"https:\/\/informebahia.com\/site\/wp-json\/wp\/v2\/categories?post=9009"},{"taxonomy":"post_tag","embeddable":true,"href":"https:\/\/informebahia.com\/site\/wp-json\/wp\/v2\/tags?post=9009"}],"curies":[{"name":"wp","href":"https:\/\/api.w.org\/{rel}","templated":true}]}}