{"id":9017,"date":"2022-03-23T10:07:30","date_gmt":"2022-03-23T13:07:30","guid":{"rendered":"http:\/\/informebahia.com\/site\/?p=9017"},"modified":"2022-03-23T10:08:01","modified_gmt":"2022-03-23T13:08:01","slug":"acusado-homicidio-na-regiao-de-aroeira-em-coite-se-apresenta-a-policia-militar-de-ichu","status":"publish","type":"post","link":"https:\/\/informebahia.com\/site\/2022\/03\/23\/acusado-homicidio-na-regiao-de-aroeira-em-coite-se-apresenta-a-policia-militar-de-ichu\/","title":{"rendered":"Acusado de homic\u00eddio na regi\u00e3o de Aroeira em Coit\u00e9 se apresenta a Pol\u00edcia Militar de Ichu"},"content":{"rendered":"\n<div class=\"wp-block-image\"><figure class=\"aligncenter size-full\"><img loading=\"lazy\" decoding=\"async\" width=\"550\" height=\"309\" src=\"https:\/\/informebahia.com\/site\/wp-content\/uploads\/2022\/03\/erismaldo.jpg\" alt=\"\" class=\"wp-image-9018\" srcset=\"https:\/\/informebahia.com\/site\/wp-content\/uploads\/2022\/03\/erismaldo.jpg 550w, https:\/\/informebahia.com\/site\/wp-content\/uploads\/2022\/03\/erismaldo-300x169.jpg 300w\" sizes=\"auto, (max-width: 550px) 100vw, 550px\" \/><figcaption>Foto: Reprodu\u00e7\u00e3o Redes Sociais<\/figcaption><\/figure><\/div>\n\n\n\n<p>Na tarde desta ter\u00e7a-feira (22), esteve na sede do pelot\u00e3o da pol\u00edcia militar de Ichu\/Ba, um homem conhecido como \u2018Erisvaldo\u2019, 19 anos residente na fazenda Vit\u00f3ria no munic\u00edpio de Concei\u00e7\u00e3o do Coit\u00e9-Ba, onde disse que queria se entregar por ter cometido homic\u00eddio na comunidade de A\u00e7ude, regi\u00e3o do distrito de Aroeira, em Concei\u00e7\u00e3o do Coit\u00e9.<\/p>\n\n\n\n<p>O jovem relatou aos policiais que usou uma faca para cometer o homic\u00eddio, tendo como v\u00edtima um homem conhecido como \u2018J\u00fanior\u2019, fato ocorrido no dia 21 do corrente m\u00eas (<strong><a href=\"https:\/\/informebahia.com\/site\/2022\/03\/21\/mais-um-homicidio-e-registrado-na-comunidade-do-acude-de-aroeira-em-coite\/\">lembre<\/a><\/strong>), a guarni\u00e7\u00e3o apresentou o acusado na delegacia de Serrinha para as medidas cab\u00edveis.<\/p>\n\n\n\n<p class=\"has-text-align-right\">Reda\u00e7\u00e3o IB<\/p>\n","protected":false},"excerpt":{"rendered":"<p>Na tarde desta ter\u00e7a-feira (22), esteve na sede do pelot\u00e3o da pol\u00edcia militar de Ichu\/Ba, um homem conhecido como \u2018Erisvaldo\u2019, 19 anos residente na fazenda Vit\u00f3ria no munic\u00edpio de Concei\u00e7\u00e3o do Coit\u00e9-Ba, onde disse que queria se entregar por ter cometido homic\u00eddio na comunidade de A\u00e7ude, regi\u00e3o do distrito de Aroeira, em Concei\u00e7\u00e3o do Coit\u00e9. [&hellip;]<\/p>\n","protected":false},"author":2,"featured_media":9018,"comment_status":"closed","ping_status":"open","sticky":false,"template":"","format":"standard","meta":{"footnotes":""},"categories":[26],"tags":[],"class_list":["post-9017","post","type-post","status-publish","format-standard","has-post-thumbnail","hentry","category-fatospolicias"],"aioseo_notices":[],"_links":{"self":[{"href":"https:\/\/informebahia.com\/site\/wp-json\/wp\/v2\/posts\/9017","targetHints":{"allow":["GET"]}}],"collection":[{"href":"https:\/\/informebahia.com\/site\/wp-json\/wp\/v2\/posts"}],"about":[{"href":"https:\/\/informebahia.com\/site\/wp-json\/wp\/v2\/types\/post"}],"author":[{"embeddable":true,"href":"https:\/\/informebahia.com\/site\/wp-json\/wp\/v2\/users\/2"}],"replies":[{"embeddable":true,"href":"https:\/\/informebahia.com\/site\/wp-json\/wp\/v2\/comments?post=9017"}],"version-history":[{"count":2,"href":"https:\/\/informebahia.com\/site\/wp-json\/wp\/v2\/posts\/9017\/revisions"}],"predecessor-version":[{"id":9020,"href":"https:\/\/informebahia.com\/site\/wp-json\/wp\/v2\/posts\/9017\/revisions\/9020"}],"wp:featuredmedia":[{"embeddable":true,"href":"https:\/\/informebahia.com\/site\/wp-json\/wp\/v2\/media\/9018"}],"wp:attachment":[{"href":"https:\/\/informebahia.com\/site\/wp-json\/wp\/v2\/media?parent=9017"}],"wp:term":[{"taxonomy":"category","embeddable":true,"href":"https:\/\/informebahia.com\/site\/wp-json\/wp\/v2\/categories?post=9017"},{"taxonomy":"post_tag","embeddable":true,"href":"https:\/\/informebahia.com\/site\/wp-json\/wp\/v2\/tags?post=9017"}],"curies":[{"name":"wp","href":"https:\/\/api.w.org\/{rel}","templated":true}]}}