{"id":9038,"date":"2022-03-25T16:24:26","date_gmt":"2022-03-25T19:24:26","guid":{"rendered":"http:\/\/informebahia.com\/site\/?p=9038"},"modified":"2022-03-25T16:24:30","modified_gmt":"2022-03-25T19:24:30","slug":"sao-joao-de-riachao-vai-ter-zeze-de-camargo-murilo-huff-calcinha-preta-e-dorgival-dantas","status":"publish","type":"post","link":"https:\/\/informebahia.com\/site\/2022\/03\/25\/sao-joao-de-riachao-vai-ter-zeze-de-camargo-murilo-huff-calcinha-preta-e-dorgival-dantas\/","title":{"rendered":"S\u00e3o Jo\u00e3o de Riach\u00e3o vai ter Zez\u00e9 de Camargo, Murilo Huff, Calcinha Preta e Dorgival Dantas"},"content":{"rendered":"\n<div class=\"wp-block-image\"><figure class=\"aligncenter size-full\"><img loading=\"lazy\" decoding=\"async\" width=\"580\" height=\"386\" src=\"https:\/\/informebahia.com\/site\/wp-content\/uploads\/2022\/03\/imagem_2503221648222373.jpg\" alt=\"\" class=\"wp-image-9039\" srcset=\"https:\/\/informebahia.com\/site\/wp-content\/uploads\/2022\/03\/imagem_2503221648222373.jpg 580w, https:\/\/informebahia.com\/site\/wp-content\/uploads\/2022\/03\/imagem_2503221648222373-300x200.jpg 300w\" sizes=\"auto, (max-width: 580px) 100vw, 580px\" \/><\/figure><\/div>\n\n\n\n<p>A dupla Zez\u00e9 de Camargo e Luciano abre os festejos juninos do S\u00e3o Jo\u00e3o de Riach\u00e3o do Jacu\u00edpe em 2022. No mesmo dia ainda se apresenta Jo\u00e3o Bosco e Vinicius. O anuncio foi feito na manh\u00e3 desta sexta-feira, 25, pelo prefeito Carlos Matos e o vice-prefeito Felipe Sales em coletiva de imprensa. Uma grade com diversas atra\u00e7\u00f5es nacionais e regionais v\u00e3o animar o \u201cS\u00e3o Jo\u00e3o da Saudade\u201d entre os dias 22 e 26 de junho.<\/p>\n\n\n\n<p>Foram confirmadas tamb\u00e9m as apresenta\u00e7\u00f5es de Murilo Huff, Dorgival Dantas (26 de junho), Calcinha Preta, Tayrone, Ful\u00f4 de Mandacaru, Forr\u00f3 do Tico, Del Feliz, TK \u2013 o rei do bar, Raylan Sapal\u00e1cio, Olivan Monteiro, Romeu Kabar\u00e9 e Os Malvadinhos do Forr\u00f3.<\/p>\n\n\n\n<p>Durante a coletiva o prefeito anunciou que no dia 21 de junho ser\u00e1 realizado o concurso de sanfoneiros e a Alvorada, eventos que marcam a abertura dos festejos juninos e j\u00e1 virou tradi\u00e7\u00e3o no munic\u00edpio.<\/p>\n\n\n\n<p>\u201cEstamos fazendo um investimento forte para que nosso com\u00e9rcio seja fortalecido ap\u00f3s esses dois anos de pandemia. Somos o terceiro munic\u00edpio da Bahia a divulgar a grade de atra\u00e7\u00f5es do S\u00e3o Jo\u00e3o e esperamos com isso atrair muitos turistas. Vai gerar emprego e renda para nosso munic\u00edpio\u201d, destacou o prefeito.<\/p>\n\n\n\n<p>Os artistas locais tamb\u00e9m ter\u00e3o vaga garantida no S\u00e3o Jo\u00e3o. \u201cN\u00e3o vamos deixar ningu\u00e9m de fora. Todos ser\u00e3o credenciados e ter\u00e3o seu espa\u00e7o na nossa festa. Precisamos valorizar o que \u00e9 nosso. J\u00e1 divulgamos Del Feliz, Os Malvadinhos e Olivan, mas teremos todos em nossa grade de atra\u00e7\u00f5es\u201d, afirmou Carlos Matos.<\/p>\n\n\n\n<p>Durante a coletiva o prefeito tamb\u00e9m anunciou a banda Can\u00e1rios do Reino, que far\u00e1 a festa do S\u00e3o Pedro do distrito de Vila Aparecida.<\/p>\n\n\n\n<p>Nos pr\u00f3ximos dias mais novidades ser\u00e3o divulgadas pelo Governo Municipal, principalmente relacionadas ao espa\u00e7o &#8220;Poeir\u00e3o&#8221; e os festejos de S\u00e3o Pedro.<\/p>\n\n\n\n<p class=\"has-text-align-right\">Ascom \u2013 Prefeitura de Riach\u00e3o do Jacu\u00edpe<\/p>\n","protected":false},"excerpt":{"rendered":"<p>A dupla Zez\u00e9 de Camargo e Luciano abre os festejos juninos do S\u00e3o Jo\u00e3o de Riach\u00e3o do Jacu\u00edpe em 2022. No mesmo dia ainda se apresenta Jo\u00e3o Bosco e Vinicius. O anuncio foi feito na manh\u00e3 desta sexta-feira, 25, pelo prefeito Carlos Matos e o vice-prefeito Felipe Sales em coletiva de imprensa. Uma grade com [&hellip;]<\/p>\n","protected":false},"author":2,"featured_media":0,"comment_status":"closed","ping_status":"open","sticky":false,"template":"","format":"standard","meta":{"footnotes":""},"categories":[2],"tags":[],"class_list":["post-9038","post","type-post","status-publish","format-standard","hentry","category-destaq"],"aioseo_notices":[],"_links":{"self":[{"href":"https:\/\/informebahia.com\/site\/wp-json\/wp\/v2\/posts\/9038","targetHints":{"allow":["GET"]}}],"collection":[{"href":"https:\/\/informebahia.com\/site\/wp-json\/wp\/v2\/posts"}],"about":[{"href":"https:\/\/informebahia.com\/site\/wp-json\/wp\/v2\/types\/post"}],"author":[{"embeddable":true,"href":"https:\/\/informebahia.com\/site\/wp-json\/wp\/v2\/users\/2"}],"replies":[{"embeddable":true,"href":"https:\/\/informebahia.com\/site\/wp-json\/wp\/v2\/comments?post=9038"}],"version-history":[{"count":1,"href":"https:\/\/informebahia.com\/site\/wp-json\/wp\/v2\/posts\/9038\/revisions"}],"predecessor-version":[{"id":9040,"href":"https:\/\/informebahia.com\/site\/wp-json\/wp\/v2\/posts\/9038\/revisions\/9040"}],"wp:attachment":[{"href":"https:\/\/informebahia.com\/site\/wp-json\/wp\/v2\/media?parent=9038"}],"wp:term":[{"taxonomy":"category","embeddable":true,"href":"https:\/\/informebahia.com\/site\/wp-json\/wp\/v2\/categories?post=9038"},{"taxonomy":"post_tag","embeddable":true,"href":"https:\/\/informebahia.com\/site\/wp-json\/wp\/v2\/tags?post=9038"}],"curies":[{"name":"wp","href":"https:\/\/api.w.org\/{rel}","templated":true}]}}