{"id":9717,"date":"2022-05-06T16:51:09","date_gmt":"2022-05-06T19:51:09","guid":{"rendered":"http:\/\/informebahia.com\/site\/?p=9717"},"modified":"2022-05-06T16:51:11","modified_gmt":"2022-05-06T19:51:11","slug":"justica-determina-suspensao-de-internet-e-energia-de-predios-da-saeb-e-pge","status":"publish","type":"post","link":"https:\/\/informebahia.com\/site\/2022\/05\/06\/justica-determina-suspensao-de-internet-e-energia-de-predios-da-saeb-e-pge\/","title":{"rendered":"Justi\u00e7a determina suspens\u00e3o de internet e energia de pr\u00e9dios da Saeb e PGE"},"content":{"rendered":"\n<p><\/p>\n\n\n\n<div class=\"wp-block-image\"><figure class=\"aligncenter size-full\"><img loading=\"lazy\" decoding=\"async\" width=\"380\" height=\"280\" src=\"https:\/\/informebahia.com\/site\/wp-content\/uploads\/2022\/05\/IMAGEM_NOTICIA_5-7.jpg\" alt=\"\" class=\"wp-image-9718\" srcset=\"https:\/\/informebahia.com\/site\/wp-content\/uploads\/2022\/05\/IMAGEM_NOTICIA_5-7.jpg 380w, https:\/\/informebahia.com\/site\/wp-content\/uploads\/2022\/05\/IMAGEM_NOTICIA_5-7-300x221.jpg 300w, https:\/\/informebahia.com\/site\/wp-content\/uploads\/2022\/05\/IMAGEM_NOTICIA_5-7-80x60.jpg 80w\" sizes=\"auto, (max-width: 380px) 100vw, 380px\" \/><figcaption>Foto: Divulga\u00e7\u00e3o<\/figcaption><\/figure><\/div>\n\n\n\n<p>Os pr\u00e9dios da Secretaria de Administra\u00e7\u00e3o (Saeb) e a Procuradoria-Geral do Estado da Bahia devem ter o servi\u00e7o energia el\u00e9trica e o servi\u00e7o de internet interrompidos. A decis\u00e3o foi tomada pelo juizado especial c\u00edvel, atrav\u00e9s da juiz Ben\u00edcio Mascarenhas Neto, na \u00faltima ter\u00e7a-feira (3), ap\u00f3s descumprimento de decis\u00e3o que determinava o tratamento m\u00e9dico de uma crian\u00e7a pelo Planserv.<\/p>\n\n\n\n<p>&#8220;Expedi\u00e7\u00e3o de ordem de suspens\u00e3o do fornecimento do servi\u00e7o de internet nos pr\u00e9dios sede da Secretaria Estadual de Administra\u00e7\u00e3o e Procuradoria Geral do Estado, caso n\u00e3o haja cumprimento da medida liminar em at\u00e9 5 (cinco) dias&#8221;, diz a decis\u00e3o, que deve ser cumprida at\u00e9 a pr\u00f3xima segunda-feira (8), caso n\u00e3o seja cumprida pelo estado.<\/p>\n\n\n\n<p>A crian\u00e7a de oito anos, ap\u00f3s uma crise de asma, teria ficado com d\u00e9ficit neurol\u00f3gico motor e cognitivo severos, al\u00e9m de n\u00e3o andar, n\u00e3o falar, n\u00e3o se alimentar pela boca, n\u00e3o contactar com os familiares, possui um olhar vago, passando a necessitar de acompanhamento diuturnamente de m\u00e9dico, fisioterapeuta, fonoaudi\u00f3logo e de psicoterapeuta, para evitar o \u00f3bito e reduzir as sequelas.<\/p>\n\n\n\n<p>Os advogados Fabiano Samartin Fernandes e Tassia Christiane de Macedo, do CENAJUR, que acompanham o caso da menor, acreditam que a medida extrema adotada foi necess\u00e1ria, \u201cpois s\u00e3o 60 dias de descumprimento, o que significa desrespeito para com a autoridade da decis\u00e3o judicial, mas tamb\u00e9m para com a vida de uma crian\u00e7a, que com apenas 8 anos de idade pode ter severas sequelas em virtude da total falta compromisso do Estado\u201d.<\/p>\n\n\n\n<p>Atualmente a menor precisa do tratamento encaminhado pelos m\u00e9dicos, e deferido pela justi\u00e7a desde 03\/03\/2022 para evitar o seu \u00f3bito precoce, bem como evitar sequelas severas e irrevers\u00edveis, que podem repercutir para sempre.<\/p>\n\n\n\n<p class=\"has-text-align-right\">*Bahia Not\u00edcias<\/p>\n","protected":false},"excerpt":{"rendered":"<p>Os pr\u00e9dios da Secretaria de Administra\u00e7\u00e3o (Saeb) e a Procuradoria-Geral do Estado da Bahia devem ter o servi\u00e7o energia el\u00e9trica e o servi\u00e7o de internet interrompidos. A decis\u00e3o foi tomada pelo juizado especial c\u00edvel, atrav\u00e9s da juiz Ben\u00edcio Mascarenhas Neto, na \u00faltima ter\u00e7a-feira (3), ap\u00f3s descumprimento de decis\u00e3o que determinava o tratamento m\u00e9dico de uma [&hellip;]<\/p>\n","protected":false},"author":2,"featured_media":9718,"comment_status":"closed","ping_status":"open","sticky":false,"template":"","format":"standard","meta":{"footnotes":""},"categories":[17],"tags":[],"class_list":["post-9717","post","type-post","status-publish","format-standard","has-post-thumbnail","hentry","category-politica"],"aioseo_notices":[],"_links":{"self":[{"href":"https:\/\/informebahia.com\/site\/wp-json\/wp\/v2\/posts\/9717","targetHints":{"allow":["GET"]}}],"collection":[{"href":"https:\/\/informebahia.com\/site\/wp-json\/wp\/v2\/posts"}],"about":[{"href":"https:\/\/informebahia.com\/site\/wp-json\/wp\/v2\/types\/post"}],"author":[{"embeddable":true,"href":"https:\/\/informebahia.com\/site\/wp-json\/wp\/v2\/users\/2"}],"replies":[{"embeddable":true,"href":"https:\/\/informebahia.com\/site\/wp-json\/wp\/v2\/comments?post=9717"}],"version-history":[{"count":1,"href":"https:\/\/informebahia.com\/site\/wp-json\/wp\/v2\/posts\/9717\/revisions"}],"predecessor-version":[{"id":9719,"href":"https:\/\/informebahia.com\/site\/wp-json\/wp\/v2\/posts\/9717\/revisions\/9719"}],"wp:featuredmedia":[{"embeddable":true,"href":"https:\/\/informebahia.com\/site\/wp-json\/wp\/v2\/media\/9718"}],"wp:attachment":[{"href":"https:\/\/informebahia.com\/site\/wp-json\/wp\/v2\/media?parent=9717"}],"wp:term":[{"taxonomy":"category","embeddable":true,"href":"https:\/\/informebahia.com\/site\/wp-json\/wp\/v2\/categories?post=9717"},{"taxonomy":"post_tag","embeddable":true,"href":"https:\/\/informebahia.com\/site\/wp-json\/wp\/v2\/tags?post=9717"}],"curies":[{"name":"wp","href":"https:\/\/api.w.org\/{rel}","templated":true}]}}