{"id":9723,"date":"2022-05-06T16:55:17","date_gmt":"2022-05-06T19:55:17","guid":{"rendered":"http:\/\/informebahia.com\/site\/?p=9723"},"modified":"2022-05-06T16:55:20","modified_gmt":"2022-05-06T19:55:20","slug":"fiocruz-brasil-tem-500-mil-criancas-nao-vacinadas-contra-poliomielite","status":"publish","type":"post","link":"https:\/\/informebahia.com\/site\/2022\/05\/06\/fiocruz-brasil-tem-500-mil-criancas-nao-vacinadas-contra-poliomielite\/","title":{"rendered":"Fiocruz: Brasil tem 500 mil crian\u00e7as n\u00e3o vacinadas contra poliomielite"},"content":{"rendered":"\n<p><\/p>\n\n\n\n<div class=\"wp-block-image\"><figure class=\"aligncenter size-full is-resized\"><img loading=\"lazy\" decoding=\"async\" src=\"https:\/\/informebahia.com\/site\/wp-content\/uploads\/2022\/05\/IMAGEM_NOTICIA_5-2-3.jpg\" alt=\"\" class=\"wp-image-9724\" width=\"380\" height=\"280\" srcset=\"https:\/\/informebahia.com\/site\/wp-content\/uploads\/2022\/05\/IMAGEM_NOTICIA_5-2-3.jpg 380w, https:\/\/informebahia.com\/site\/wp-content\/uploads\/2022\/05\/IMAGEM_NOTICIA_5-2-3-300x221.jpg 300w, https:\/\/informebahia.com\/site\/wp-content\/uploads\/2022\/05\/IMAGEM_NOTICIA_5-2-3-80x60.jpg 80w\" sizes=\"auto, (max-width: 380px) 100vw, 380px\" \/><figcaption>Foto: Tomaz Silva\/Ag\u00eancia Brasil<\/figcaption><\/figure><\/div>\n\n\n\n<p>Ao menos 500 mil crian\u00e7as brasileiras n\u00e3o foram vacinadas contra a poliomielite. O n\u00famero foi divulgado pelo pesquisador Akira Homma, diretor do Instituto de Tecnologia em Imunobiol\u00f3gicos (Bio-Manguinhos) da Funda\u00e7\u00e3o Oswaldo Cruz (Fiocruz).<\/p>\n\n\n\n<p>Em entrevista ao jornal Estad\u00e3o, divulgada nesta sexta-feira (6), o cientista afirmou que o n\u00famero \u00e9 alarmante e indica alto risco de infec\u00e7\u00e3o (saiba mais aqui). A doen\u00e7a pode ser prevenida por meio da vacina\u00e7\u00e3o.<\/p>\n\n\n\n<p>No entanto, as coberturas de imuniza\u00e7\u00e3o no Brasil est\u00e3o baixas \u2014 fato que chama aten\u00e7\u00e3o de especialistas e da Organiza\u00e7\u00e3o Panamericana de Sa\u00fade (Opas), que incluiu o Brasil na lista dos oito pa\u00edses da Am\u00e9rica Latina com alto risco de volta da doen\u00e7a. O \u00faltimo caso em territ\u00f3rio foi registrado em 1989, e o pa\u00eds recebeu o certificado de elimina\u00e7\u00e3o da doen\u00e7a em 1994.<\/p>\n\n\n\n<p>\u201cTemos hoje no pa\u00eds 500 mil crian\u00e7as que n\u00e3o foram vacinadas. A importa\u00e7\u00e3o da p\u00f3lio existe e, no Brasil, por conta dessas baixas coberturas vacinais, j\u00e1 somos considerados um pa\u00eds de alto risco para reinfec\u00e7\u00e3o, segundo a Opas. Assim como o Brasil, est\u00e3o nesta classifica\u00e7\u00e3o Equador, Venezuela, Guatemala, Rep\u00fablica Dominicana e Suriname, al\u00e9m de outros dois pa\u00edses onde o risco \u00e9 considerado alt\u00edssimo: Haiti e Bol\u00edvia\u201d, explicou Homma ao Estad\u00e3o.<\/p>\n\n\n\n<p>Tamb\u00e9m conhecida como paralisia infantil, a poliomielite \u00e9 causada pelo poliv\u00edrus selvagem (PVS), que pode infectar crian\u00e7as e adultos. Casos graves chegam a gerar paralisia dos membros inferiores.<\/p>\n\n\n\n<p>A \u00fanica forma de preven\u00e7\u00e3o \u00e9 a vacina\u00e7\u00e3o. No Brasil, o v\u00edrus parou de circular em 1990. Dados do Minist\u00e9rio da Sa\u00fade, coletados pelo Metr\u00f3poles, parceiro do Bahia Not\u00edcias, por meio da plataforma Datasus, apontam, entretanto, queda de 31% na cobertura vacinal entre 2015 e 2021.<\/p>\n\n\n\n<p>Anualmente, a meta do Minist\u00e9rio da Sa\u00fade nas campanhas de vacina\u00e7\u00e3o \u00e9 de atingir 90% do p\u00fablico-alvo. Em 2015, os \u00edndices foram positivos: a cobertura vacinal contra p\u00f3lio foi de 98,29%.<\/p>\n\n\n\n<p>No entanto, ao longo dos anos, a porcentagem sofreu queda. Entre 2016 e 2019, a cobertura ficou entre 84% e 89%. Em 2020, ap\u00f3s o in\u00edcio da pandemia de Covid, o \u00edndice foi de 76%. Os dados mais recentes mostram que, em 2021, a cobertura chegou apenas a 67,7%.<\/p>\n\n\n\n<p>Segundo a Organiza\u00e7\u00e3o Pan-Americana de Sa\u00fade (Opas), se a doen\u00e7a n\u00e3o for erradicada rapidamente, podem ocorrer at\u00e9 200 mil novos casos a cada ano no mundo, dentro do per\u00edodo de uma d\u00e9cada.<\/p>\n\n\n\n<p class=\"has-text-align-right\">*Bahia Not\u00edcias<\/p>\n","protected":false},"excerpt":{"rendered":"<p>Ao menos 500 mil crian\u00e7as brasileiras n\u00e3o foram vacinadas contra a poliomielite. O n\u00famero foi divulgado pelo pesquisador Akira Homma, diretor do Instituto de Tecnologia em Imunobiol\u00f3gicos (Bio-Manguinhos) da Funda\u00e7\u00e3o Oswaldo Cruz (Fiocruz). Em entrevista ao jornal Estad\u00e3o, divulgada nesta sexta-feira (6), o cientista afirmou que o n\u00famero \u00e9 alarmante e indica alto risco de [&hellip;]<\/p>\n","protected":false},"author":2,"featured_media":9724,"comment_status":"closed","ping_status":"open","sticky":false,"template":"","format":"standard","meta":{"footnotes":""},"categories":[33],"tags":[],"class_list":["post-9723","post","type-post","status-publish","format-standard","has-post-thumbnail","hentry","category-geral"],"aioseo_notices":[],"_links":{"self":[{"href":"https:\/\/informebahia.com\/site\/wp-json\/wp\/v2\/posts\/9723","targetHints":{"allow":["GET"]}}],"collection":[{"href":"https:\/\/informebahia.com\/site\/wp-json\/wp\/v2\/posts"}],"about":[{"href":"https:\/\/informebahia.com\/site\/wp-json\/wp\/v2\/types\/post"}],"author":[{"embeddable":true,"href":"https:\/\/informebahia.com\/site\/wp-json\/wp\/v2\/users\/2"}],"replies":[{"embeddable":true,"href":"https:\/\/informebahia.com\/site\/wp-json\/wp\/v2\/comments?post=9723"}],"version-history":[{"count":1,"href":"https:\/\/informebahia.com\/site\/wp-json\/wp\/v2\/posts\/9723\/revisions"}],"predecessor-version":[{"id":9725,"href":"https:\/\/informebahia.com\/site\/wp-json\/wp\/v2\/posts\/9723\/revisions\/9725"}],"wp:featuredmedia":[{"embeddable":true,"href":"https:\/\/informebahia.com\/site\/wp-json\/wp\/v2\/media\/9724"}],"wp:attachment":[{"href":"https:\/\/informebahia.com\/site\/wp-json\/wp\/v2\/media?parent=9723"}],"wp:term":[{"taxonomy":"category","embeddable":true,"href":"https:\/\/informebahia.com\/site\/wp-json\/wp\/v2\/categories?post=9723"},{"taxonomy":"post_tag","embeddable":true,"href":"https:\/\/informebahia.com\/site\/wp-json\/wp\/v2\/tags?post=9723"}],"curies":[{"name":"wp","href":"https:\/\/api.w.org\/{rel}","templated":true}]}}