{"id":9742,"date":"2022-05-07T09:16:27","date_gmt":"2022-05-07T12:16:27","guid":{"rendered":"http:\/\/informebahia.com\/site\/?p=9742"},"modified":"2022-05-07T09:16:29","modified_gmt":"2022-05-07T12:16:29","slug":"eu-nao-sou-um-candidato-fabricado-diz-acm-neto","status":"publish","type":"post","link":"https:\/\/informebahia.com\/site\/2022\/05\/07\/eu-nao-sou-um-candidato-fabricado-diz-acm-neto\/","title":{"rendered":"&#8220;Eu n\u00e3o sou um candidato fabricado&#8221;, diz ACM Neto"},"content":{"rendered":"\n<div class=\"wp-block-image\"><figure class=\"aligncenter size-full\"><img loading=\"lazy\" decoding=\"async\" width=\"500\" height=\"333\" src=\"https:\/\/informebahia.com\/site\/wp-content\/uploads\/2022\/05\/cats3.jpg\" alt=\"\" class=\"wp-image-9743\" srcset=\"https:\/\/informebahia.com\/site\/wp-content\/uploads\/2022\/05\/cats3.jpg 500w, https:\/\/informebahia.com\/site\/wp-content\/uploads\/2022\/05\/cats3-300x200.jpg 300w\" sizes=\"auto, (max-width: 500px) 100vw, 500px\" \/><figcaption>Fotos: Divulga\u00e7\u00e3o<\/figcaption><\/figure><\/div>\n\n\n\n<p>O pr\u00e9-candidato ao Governo da Bahia ACM Neto (Uni\u00e3o Brasil) afirmou, nesta sexta-feira (06), que n\u00e3o \u00e9 um &#8220;candidato fabricado&#8221;. De acordo com Neto, o seu projeto para as Elei\u00e7\u00f5es de 2022 &#8220;n\u00e3o atende a vontade de nenhum l\u00edder pol\u00edtico&#8221; que esteja fora do estado.<\/p>\n\n\n\n<p>&#8220;Eu n\u00e3o sou um candidato fabricado. Eu n\u00e3o sou candidato cujo projeto \u00e9 para atender a vontade de nenhum l\u00edder pol\u00edtico de fora da Bahia. Eu n\u00e3o sou candidato porque procuraram um, que n\u00e3o quis, procuraram outro, que tamb\u00e9m n\u00e3o quis e a\u00ed vai, sobrou voc\u00ea, n\u00e3o. Eu me preparei mais de vinte anos para viver esse momento&#8221;, ponderou o ex-prefeito de Salvador.<\/p>\n\n\n\n<p>ACM Neto lembrou ainda que acumulou experi\u00eancia pol\u00edtica ao ocupar o cargo de deputado federal, e de gest\u00e3o p\u00fablica ao administrar a capital baiana por oito anos &#8211; quando deixou o cargo com a aprova\u00e7\u00e3o de mais de 80% da popula\u00e7\u00e3o de Salvador.<\/p>\n\n\n\n<p>&#8220;Hoje eu posso dizer, com muita tranquilidade, olhando nos olhos e transmitindo uma palavra de muita confian\u00e7a, que estou preparado pra ser governador do estado da Bahia. Nem sempre a gente encontra um governante que, ao mesmo tempo, re\u00fana experi\u00eancia pol\u00edtica e experi\u00eancia de gest\u00e3o. O ideal \u00e9 quando a gente consegue conciliar as duas coisas, e foi isso que eu procurei reunir ao longo desses anos em minha caminhada&#8221;, disse.<\/p>\n\n\n\n<div class=\"wp-block-image\"><figure class=\"aligncenter size-full\"><img loading=\"lazy\" decoding=\"async\" width=\"500\" height=\"333\" src=\"https:\/\/informebahia.com\/site\/wp-content\/uploads\/2022\/05\/cats4.jpg\" alt=\"\" class=\"wp-image-9744\" srcset=\"https:\/\/informebahia.com\/site\/wp-content\/uploads\/2022\/05\/cats4.jpg 500w, https:\/\/informebahia.com\/site\/wp-content\/uploads\/2022\/05\/cats4-300x200.jpg 300w\" sizes=\"auto, (max-width: 500px) 100vw, 500px\" \/><figcaption>Fotos: Divulga\u00e7\u00e3o<\/figcaption><\/figure><\/div>\n\n\n\n<p>&#8220;Eu sou um cara muito trabalhador, que procura ouvir bastante. Governar \u00e9 tomar escolhas, governar \u00e9 saber decidir e para escolher bem, para servir bem a gente, precisamos conhecer, ver de perto. Temos que ouvir as pessoas. E \u00e9 isso que temos feito nessas visitas ao interior da Bahia&#8221;, acrescentou o pr\u00e9-candidato.<\/p>\n\n\n\n<p>Neto destacou que sonha em ser governador para oferecer aos baianos a melhor gest\u00e3o do pa\u00eds: &#8220;Eu vejo que a Bahia tem problemas muito s\u00e9rios que podem ser enfrentados e superados. Eu sonho em ser governador para colocar a Bahia em primeiro lugar, para oferecer aos baianos o melhor Governo do Brasil. Me preparei a vida toda pra esse momento, e me sinto preparado para enfrentar esse desafio&#8221;.<\/p>\n\n\n\n<p>O pr\u00e9-candidato pelo Uni\u00e3o Brasil passa por nove cidades das regi\u00f5es Nordeste e do Rec\u00f4ncavo baiano nesse fim de semana. A agenda contempla as cidades de Itapicuru, Olindina, Nova Soure, Cip\u00f3, Ribeira do Amparo, Araci, Benza\u00ea, Ribeira do Pombal e Maragogipe.<\/p>\n\n\n\n<p class=\"has-text-align-right\">*Ascom<\/p>\n","protected":false},"excerpt":{"rendered":"<p>O pr\u00e9-candidato ao Governo da Bahia ACM Neto (Uni\u00e3o Brasil) afirmou, nesta sexta-feira (06), que n\u00e3o \u00e9 um &#8220;candidato fabricado&#8221;. De acordo com Neto, o seu projeto para as Elei\u00e7\u00f5es de 2022 &#8220;n\u00e3o atende a vontade de nenhum l\u00edder pol\u00edtico&#8221; que esteja fora do estado. &#8220;Eu n\u00e3o sou um candidato fabricado. Eu n\u00e3o sou candidato [&hellip;]<\/p>\n","protected":false},"author":2,"featured_media":9743,"comment_status":"closed","ping_status":"open","sticky":false,"template":"","format":"standard","meta":{"footnotes":""},"categories":[17],"tags":[],"class_list":["post-9742","post","type-post","status-publish","format-standard","has-post-thumbnail","hentry","category-politica"],"aioseo_notices":[],"_links":{"self":[{"href":"https:\/\/informebahia.com\/site\/wp-json\/wp\/v2\/posts\/9742","targetHints":{"allow":["GET"]}}],"collection":[{"href":"https:\/\/informebahia.com\/site\/wp-json\/wp\/v2\/posts"}],"about":[{"href":"https:\/\/informebahia.com\/site\/wp-json\/wp\/v2\/types\/post"}],"author":[{"embeddable":true,"href":"https:\/\/informebahia.com\/site\/wp-json\/wp\/v2\/users\/2"}],"replies":[{"embeddable":true,"href":"https:\/\/informebahia.com\/site\/wp-json\/wp\/v2\/comments?post=9742"}],"version-history":[{"count":1,"href":"https:\/\/informebahia.com\/site\/wp-json\/wp\/v2\/posts\/9742\/revisions"}],"predecessor-version":[{"id":9745,"href":"https:\/\/informebahia.com\/site\/wp-json\/wp\/v2\/posts\/9742\/revisions\/9745"}],"wp:featuredmedia":[{"embeddable":true,"href":"https:\/\/informebahia.com\/site\/wp-json\/wp\/v2\/media\/9743"}],"wp:attachment":[{"href":"https:\/\/informebahia.com\/site\/wp-json\/wp\/v2\/media?parent=9742"}],"wp:term":[{"taxonomy":"category","embeddable":true,"href":"https:\/\/informebahia.com\/site\/wp-json\/wp\/v2\/categories?post=9742"},{"taxonomy":"post_tag","embeddable":true,"href":"https:\/\/informebahia.com\/site\/wp-json\/wp\/v2\/tags?post=9742"}],"curies":[{"name":"wp","href":"https:\/\/api.w.org\/{rel}","templated":true}]}}