{"id":9747,"date":"2022-05-07T09:24:55","date_gmt":"2022-05-07T12:24:55","guid":{"rendered":"http:\/\/informebahia.com\/site\/?p=9747"},"modified":"2022-05-07T09:24:58","modified_gmt":"2022-05-07T12:24:58","slug":"anvisa-mantem-indicacao-de-uso-de-vacina-da-janssen-contra-covid","status":"publish","type":"post","link":"https:\/\/informebahia.com\/site\/2022\/05\/07\/anvisa-mantem-indicacao-de-uso-de-vacina-da-janssen-contra-covid\/","title":{"rendered":"Anvisa mant\u00e9m indica\u00e7\u00e3o de uso de vacina da Janssen contra Covid"},"content":{"rendered":"\n<p><\/p>\n\n\n\n<div class=\"wp-block-image\"><figure class=\"aligncenter size-full is-resized\"><img loading=\"lazy\" decoding=\"async\" src=\"https:\/\/informebahia.com\/site\/wp-content\/uploads\/2022\/05\/IMAGEM_NOTICIA_5-8.jpg\" alt=\"\" class=\"wp-image-9748\" width=\"380\" height=\"280\" srcset=\"https:\/\/informebahia.com\/site\/wp-content\/uploads\/2022\/05\/IMAGEM_NOTICIA_5-8.jpg 380w, https:\/\/informebahia.com\/site\/wp-content\/uploads\/2022\/05\/IMAGEM_NOTICIA_5-8-300x221.jpg 300w, https:\/\/informebahia.com\/site\/wp-content\/uploads\/2022\/05\/IMAGEM_NOTICIA_5-8-80x60.jpg 80w\" sizes=\"auto, (max-width: 380px) 100vw, 380px\" \/><figcaption>Foto: Divulga\u00e7\u00e3o \/ Janssen<\/figcaption><\/figure><\/div>\n\n\n\n<p>A Anvisa (Ag\u00eancia Nacional de Vigil\u00e2ncia Sanit\u00e1ria) afirmou nesta sexta-feira (6) que mant\u00e9m a indica\u00e7\u00e3o de uso da vacina contra Covid da Janssen (empresa da Johnson &amp; Johnson).<\/p>\n\n\n\n<p>A manifesta\u00e7\u00e3o do \u00f3rg\u00e3o regulador foi feita um dia ap\u00f3s a Ag\u00eancia de Alimentos e Drogas dos Estados Unidos (FDA na sigla em ingl\u00eas) anunciar a limita\u00e7\u00e3o do uso desse imunizante devido ao risco de uma rara s\u00edndrome de coagula\u00e7\u00e3o do sangue.<\/p>\n\n\n\n<p>&#8220;At\u00e9 o momento, os benef\u00edcios superam os riscos para todas as vacinas aprovadas pela Anvisa. Assim, neste momento, a Ag\u00eancia n\u00e3o identifica a necessidade de a\u00e7\u00f5es regulat\u00f3rias quanto \u00e0 vacina da Janssen ou qualquer outra&#8221;, disse a Anvisa.<\/p>\n\n\n\n<p>A ag\u00eancia brasileira disse que cabe ao Minist\u00e9rio da Sa\u00fade definir &#8220;a prioriza\u00e7\u00e3o de um imunizante em detrimento de outro&#8221; na campanha de vacina\u00e7\u00e3o.<\/p>\n\n\n\n<p>O estoque de vacinas da Janssen em posse do Minist\u00e9rio da Sa\u00fade, ainda n\u00e3o entregues a estados, \u00e9 hoje de 8,8 milh\u00f5es de doses.<\/p>\n\n\n\n<p>A pasta comandada por Marcelo Queiroga ainda n\u00e3o se manifestou sobre e o uso da vacina da Janssen.<\/p>\n\n\n\n<p>Em nota, a Anvisa disse que teve uma reuni\u00e3o com a FDA para avaliar os dados sobre a vacina.<\/p>\n\n\n\n<p>A ag\u00eancia tamb\u00e9m disse que vacinas de adenov\u00edrus possuem risco de TTS, j\u00e1 descrito em bula aprovada pela Anvisa. &#8220;S\u00e3o casos rar\u00edssimos, que geralmente ocorrem ap\u00f3s exposi\u00e7\u00e3o \u00e0 primeira dose com vacina desta plataforma&#8221;, afirmou a Anvisa.<\/p>\n\n\n\n<p>&#8220;Quanto \u00e0 restri\u00e7\u00e3o do uso, as contraindica\u00e7\u00f5es j\u00e1 aprovadas constam em bula, incluindo a de n\u00e3o administrar dose de refor\u00e7o a quem apresentou TTS na primeira dose&#8221;, afirma ainda a nota.<\/p>\n\n\n\n<p>A ag\u00eancia dos EUA disse que a inje\u00e7\u00e3o da Janssen pode ser administrada nos casos em que as vacinas contra a Covid-19 autorizadas ou aprovadas n\u00e3o estiverem acess\u00edveis ou se um indiv\u00edduo estiver menos interessado em usar os outros imunizantes.<\/p>\n\n\n\n<p>A vacina \u00e9 uma das tr\u00eas contra a Covid-19 liberadas para uso nos Estados Unidos. As outras duas s\u00e3o Moderna e Pfizer.<\/p>\n\n\n\n<p>Em janeiro, a FDA alterou a ficha t\u00e9cnica da vacina da Janssen para incluir o risco de trombocitopenia imune, meses depois que o regulador de medicamentos da Uni\u00e3o Europeia tomou medidas semelhantes.<\/p>\n\n\n\n<p>A ag\u00eancia disse nesta quinta que o risco de TTS justifica a limita\u00e7\u00e3o do uso da dose \u00fanica depois de conduzir a investiga\u00e7\u00e3o dos casos relatados.<\/p>\n\n\n\n<p>&#8220;\u00c9 um evento rar\u00edssimo&#8221;, afirma Renato Kfouri, pediatra, infectologista e diretor da SBIm (Sociedade Brasileira de Imuniza\u00e7\u00f5es). &#8220;Mas grave. Essas tromboses t\u00eam uma letalidade alta. Tromboses \u00e0s vezes no sistema nervoso, com AVC.&#8221;Contudo, o n\u00famero de casos de Covid prevenidos \u00e9 muito maior do que o risco dos eventos adversos, afirma Kfouri.<\/p>\n\n\n\n<p class=\"has-text-align-right\">*Bahia Not\u00edcias<\/p>\n","protected":false},"excerpt":{"rendered":"<p>A Anvisa (Ag\u00eancia Nacional de Vigil\u00e2ncia Sanit\u00e1ria) afirmou nesta sexta-feira (6) que mant\u00e9m a indica\u00e7\u00e3o de uso da vacina contra Covid da Janssen (empresa da Johnson &amp; Johnson). A manifesta\u00e7\u00e3o do \u00f3rg\u00e3o regulador foi feita um dia ap\u00f3s a Ag\u00eancia de Alimentos e Drogas dos Estados Unidos (FDA na sigla em ingl\u00eas) anunciar a limita\u00e7\u00e3o [&hellip;]<\/p>\n","protected":false},"author":2,"featured_media":9748,"comment_status":"closed","ping_status":"open","sticky":false,"template":"","format":"standard","meta":{"footnotes":""},"categories":[33],"tags":[],"class_list":["post-9747","post","type-post","status-publish","format-standard","has-post-thumbnail","hentry","category-geral"],"aioseo_notices":[],"_links":{"self":[{"href":"https:\/\/informebahia.com\/site\/wp-json\/wp\/v2\/posts\/9747","targetHints":{"allow":["GET"]}}],"collection":[{"href":"https:\/\/informebahia.com\/site\/wp-json\/wp\/v2\/posts"}],"about":[{"href":"https:\/\/informebahia.com\/site\/wp-json\/wp\/v2\/types\/post"}],"author":[{"embeddable":true,"href":"https:\/\/informebahia.com\/site\/wp-json\/wp\/v2\/users\/2"}],"replies":[{"embeddable":true,"href":"https:\/\/informebahia.com\/site\/wp-json\/wp\/v2\/comments?post=9747"}],"version-history":[{"count":1,"href":"https:\/\/informebahia.com\/site\/wp-json\/wp\/v2\/posts\/9747\/revisions"}],"predecessor-version":[{"id":9749,"href":"https:\/\/informebahia.com\/site\/wp-json\/wp\/v2\/posts\/9747\/revisions\/9749"}],"wp:featuredmedia":[{"embeddable":true,"href":"https:\/\/informebahia.com\/site\/wp-json\/wp\/v2\/media\/9748"}],"wp:attachment":[{"href":"https:\/\/informebahia.com\/site\/wp-json\/wp\/v2\/media?parent=9747"}],"wp:term":[{"taxonomy":"category","embeddable":true,"href":"https:\/\/informebahia.com\/site\/wp-json\/wp\/v2\/categories?post=9747"},{"taxonomy":"post_tag","embeddable":true,"href":"https:\/\/informebahia.com\/site\/wp-json\/wp\/v2\/tags?post=9747"}],"curies":[{"name":"wp","href":"https:\/\/api.w.org\/{rel}","templated":true}]}}