{"id":9757,"date":"2022-05-07T19:12:23","date_gmt":"2022-05-07T22:12:23","guid":{"rendered":"http:\/\/informebahia.com\/site\/?p=9757"},"modified":"2022-05-07T19:12:26","modified_gmt":"2022-05-07T22:12:26","slug":"em-banzae-acm-neto-diz-que-e-preciso-olhar-com-acao-para-os-povos-indigenas","status":"publish","type":"post","link":"https:\/\/informebahia.com\/site\/2022\/05\/07\/em-banzae-acm-neto-diz-que-e-preciso-olhar-com-acao-para-os-povos-indigenas\/","title":{"rendered":"Em Banza\u00ea, ACM Neto diz que \u00e9 preciso olhar com a\u00e7\u00e3o para os povos ind\u00edgenas"},"content":{"rendered":"\n<div class=\"wp-block-image\"><figure class=\"aligncenter size-full is-resized\"><img loading=\"lazy\" decoding=\"async\" src=\"https:\/\/informebahia.com\/site\/wp-content\/uploads\/2022\/05\/WhatsApp-Image-2022-05-07-at-19.05.23.jpeg\" alt=\"\" class=\"wp-image-9758\" width=\"580\" height=\"387\" srcset=\"https:\/\/informebahia.com\/site\/wp-content\/uploads\/2022\/05\/WhatsApp-Image-2022-05-07-at-19.05.23.jpeg 580w, https:\/\/informebahia.com\/site\/wp-content\/uploads\/2022\/05\/WhatsApp-Image-2022-05-07-at-19.05.23-300x200.jpeg 300w\" sizes=\"auto, (max-width: 580px) 100vw, 580px\" \/><figcaption>Fotos: Divulga\u00e7\u00e3o<\/figcaption><\/figure><\/div>\n\n\n\n<p>O pr\u00e9-candidato a governador ACM Neto (Uni\u00e3o Brasil) afirmou neste s\u00e1bado (7) que \u00e9 preciso olhar com aten\u00e7\u00e3o para os povos ind\u00edgenas. Em Banza\u00ea, onde cumpre agenda, Neto se comprometeu a dar melhores condi\u00e7\u00f5es a estas pessoas, caso seja eleito.<\/p>\n\n\n\n<p>&#8220;Hoje, em Banza\u00ea, falei sobre a necessidade de olharmos com aten\u00e7\u00e3o pros povos ind\u00edgenas, sobretudo na Bahia, onde o Brasil come\u00e7ou. Se eu for governador, vamos dar melhores condi\u00e7\u00f5es de vida a essas pessoas e lutar pra que elas possam manter as suas tradi\u00e7\u00f5es vivas e valorizadas&#8221;, afirmou.<\/p>\n\n\n\n<p>Al\u00e9m de Banza\u00ea, a agenda de Neto neste s\u00e1bado na regi\u00e3o ainda contou com visitas aos munic\u00edpios de Araci, pela manh\u00e3, e Ribeira do Pombal, \u00e0 noite. Nesta sexta-feira (6), foram cinco cidades: Itapicuru, Olindina, Nova Soure, Cip\u00f3 e Ribeira do Amparo.<\/p>\n\n\n\n<p>Neste final de semana Neto completou 100 cidades visitadas desde o in\u00edcio do movimento Pela Bahia. Tamb\u00e9m participaram diversas lideran\u00e7as pol\u00edticas locais e estaduais, entre eles o deputado federal Cac\u00e1 Le\u00e3o (PP), pr\u00e9-candidato ao Senado.<br>Pela manh\u00e3, em Araci, onde participou de dois eventos, ACM Neto afirmou que fez gradua\u00e7\u00e3o em pol\u00edtica durante os tr\u00eas mandatos como deputado federal e p\u00f3s-gradua\u00e7\u00e3o em gest\u00e3o p\u00fablica, nos oito anos como prefeito de Salvador. \u201cCom isso, quero dizer que me preparei a vida toda para ocupar o cargo de governador. Se Deus e os baianos quiserem, vou fazer o melhor governo de todo o pa\u00eds. E voc\u00eas podem anotar: caso seja eleito, vou colocar a educa\u00e7\u00e3o da Bahia entre as melhores do Brasil. Por outro lado, comigo no governo, a Bahia ser\u00e1 um dos estados mais seguros do pa\u00eds. O que o PT n\u00e3o fez em 16 anos, eu vou fazer, podem ter certeza\u201d.<\/p>\n\n\n\n<p class=\"has-text-align-right\">Ascom<\/p>\n","protected":false},"excerpt":{"rendered":"<p>O pr\u00e9-candidato a governador ACM Neto (Uni\u00e3o Brasil) afirmou neste s\u00e1bado (7) que \u00e9 preciso olhar com aten\u00e7\u00e3o para os povos ind\u00edgenas. Em Banza\u00ea, onde cumpre agenda, Neto se comprometeu a dar melhores condi\u00e7\u00f5es a estas pessoas, caso seja eleito. &#8220;Hoje, em Banza\u00ea, falei sobre a necessidade de olharmos com aten\u00e7\u00e3o pros povos ind\u00edgenas, sobretudo [&hellip;]<\/p>\n","protected":false},"author":2,"featured_media":9758,"comment_status":"closed","ping_status":"open","sticky":false,"template":"","format":"standard","meta":{"footnotes":""},"categories":[17],"tags":[],"class_list":["post-9757","post","type-post","status-publish","format-standard","has-post-thumbnail","hentry","category-politica"],"aioseo_notices":[],"_links":{"self":[{"href":"https:\/\/informebahia.com\/site\/wp-json\/wp\/v2\/posts\/9757","targetHints":{"allow":["GET"]}}],"collection":[{"href":"https:\/\/informebahia.com\/site\/wp-json\/wp\/v2\/posts"}],"about":[{"href":"https:\/\/informebahia.com\/site\/wp-json\/wp\/v2\/types\/post"}],"author":[{"embeddable":true,"href":"https:\/\/informebahia.com\/site\/wp-json\/wp\/v2\/users\/2"}],"replies":[{"embeddable":true,"href":"https:\/\/informebahia.com\/site\/wp-json\/wp\/v2\/comments?post=9757"}],"version-history":[{"count":1,"href":"https:\/\/informebahia.com\/site\/wp-json\/wp\/v2\/posts\/9757\/revisions"}],"predecessor-version":[{"id":9759,"href":"https:\/\/informebahia.com\/site\/wp-json\/wp\/v2\/posts\/9757\/revisions\/9759"}],"wp:featuredmedia":[{"embeddable":true,"href":"https:\/\/informebahia.com\/site\/wp-json\/wp\/v2\/media\/9758"}],"wp:attachment":[{"href":"https:\/\/informebahia.com\/site\/wp-json\/wp\/v2\/media?parent=9757"}],"wp:term":[{"taxonomy":"category","embeddable":true,"href":"https:\/\/informebahia.com\/site\/wp-json\/wp\/v2\/categories?post=9757"},{"taxonomy":"post_tag","embeddable":true,"href":"https:\/\/informebahia.com\/site\/wp-json\/wp\/v2\/tags?post=9757"}],"curies":[{"name":"wp","href":"https:\/\/api.w.org\/{rel}","templated":true}]}}