{"id":9926,"date":"2022-05-14T19:21:15","date_gmt":"2022-05-14T22:21:15","guid":{"rendered":"http:\/\/informebahia.com\/site\/?p=9926"},"modified":"2022-05-14T19:21:18","modified_gmt":"2022-05-14T22:21:18","slug":"prefeitura-r-do-jacuipe-divulga-grade-do-sao-joao-2022","status":"publish","type":"post","link":"https:\/\/informebahia.com\/site\/2022\/05\/14\/prefeitura-r-do-jacuipe-divulga-grade-do-sao-joao-2022\/","title":{"rendered":"Prefeitura R. do Jacu\u00edpe divulga grade do S\u00e3o Jo\u00e3o 2022"},"content":{"rendered":"\n<div class=\"wp-block-image\"><figure class=\"aligncenter size-full\"><img loading=\"lazy\" decoding=\"async\" width=\"550\" height=\"309\" src=\"https:\/\/informebahia.com\/site\/wp-content\/uploads\/2022\/05\/SAO-JOAO-RIACHAO-JACUIPE-VR14.jpg\" alt=\"\" class=\"wp-image-9927\" srcset=\"https:\/\/informebahia.com\/site\/wp-content\/uploads\/2022\/05\/SAO-JOAO-RIACHAO-JACUIPE-VR14.jpg 550w, https:\/\/informebahia.com\/site\/wp-content\/uploads\/2022\/05\/SAO-JOAO-RIACHAO-JACUIPE-VR14-300x169.jpg 300w\" sizes=\"auto, (max-width: 550px) 100vw, 550px\" \/><\/figure><\/div>\n\n\n\n<p>A Prefeitura de Riach\u00e3o do Jacu\u00edpe divulgou nesta sexta-feira, 13 de maio, a grade completa das atra\u00e7\u00f5es que ir\u00e3o animar o Arrai\u00e1 da Saudade \u2013 S\u00e3o Jo\u00e3o 2022, entre os dias 21 e 26 de junho. Atrav\u00e9s de uma entrevista coletiva, que foi transmitida ao vivo pelas redes sociais, foram apresentadas as datas e hor\u00e1rios das atra\u00e7\u00f5es.<\/p>\n\n\n\n<p>Ap\u00f3s dois anos sem os festejos, a prefeitura montou uma grade de atra\u00e7\u00f5es que colocou o munic\u00edpio com um dos principais destinos juninos da Bahia. Zez\u00e9 de Camargo e Luciano, Calcinha Preta, Murilo Huff, Ful\u00f4 de Mandacar\u00fa, Dorgival Dantas, Del Feliz, Tayrone, Maria Cec\u00edlia e Rodolfo, Forr\u00f3 do Tico, Jo\u00e3o Bosco e Vinicius, Lambasaia e Brega e Vinho s\u00e3o algumas das atra\u00e7\u00f5es.<\/p>\n\n\n\n<p>Os festejos j\u00e1 come\u00e7am no inicio do m\u00eas de junho, com o Festival de Sanfoneiros, que esse ano acontecer\u00e1 todos os s\u00e1bados do m\u00eas, em palco que ser\u00e1 montado no Pelourinho. No dia 21 de junho haver\u00e1 o Concurso de Quadrilhas na Pra\u00e7a Landulfo Alves.<\/p>\n\n\n\n<p>A partir da\u00ed, os festejos juninos s\u00f3 param com a Festa de Vaqueiros de Barreiros. J\u00e1 na madrugada do dia 22 a folia come\u00e7a nas ruas. A partir das 5h a tradicional Alvorada anuncia a anima\u00e7\u00e3o com a banda Lambasaia. Durante a tarde, o forr\u00f3 no Poeir\u00e3o ser\u00e1 iniciado e s\u00f3 encerra no dia 26, sempre a partir das 14h.<\/p>\n\n\n\n<p>Durante a entrevista coletiva tamb\u00e9m foram anunciadas as atra\u00e7\u00f5es do S\u00e3o Pedro de Vila Aparecida (Can\u00e1rios do Reino) e de Chapada (Luanzinho Moraes) e a primeira atra\u00e7\u00e3o da Festa de Vaqueiros de Barreiros (Unha Pintada).<\/p>\n\n\n\n<p><strong>Confira a programa\u00e7\u00e3o completa:<\/strong><\/p>\n\n\n\n<p><strong>22 DE JUNHO<\/strong><\/p>\n\n\n\n<p>ALVORADA 5H \u2013 LAMBASAIA<\/p>\n\n\n\n<p>20H \u2013 ATRA\u00c7\u00c3O LOCAL<\/p>\n\n\n\n<p>22H \u2013 ROMEU KABAR\u00c9<\/p>\n\n\n\n<p>0H \u2013 ZEZ\u00c9 DE CAMARGO E LUCIANO<\/p>\n\n\n\n<p>02H \u2013 JO\u00c3O BOSCO E VIN\u00cdCIUS<\/p>\n\n\n\n<p>04H \u2013 ATRA\u00c7\u00c3O LOCAL<\/p>\n\n\n\n<p><\/p>\n\n\n\n<p><strong>23 DE JUNHO<\/strong><\/p>\n\n\n\n<p>20H \u2013 ATRA\u00c7\u00c3O LOCAL<\/p>\n\n\n\n<p>22H \u2013 FORR\u00d3 DO TICO<\/p>\n\n\n\n<p>0H \u2013 RAYLAN<\/p>\n\n\n\n<p>02H \u2013 CALCINHA PRETA<\/p>\n\n\n\n<p>04H \u2013 ATRA\u00c7\u00c3O LOCAL<\/p>\n\n\n\n<p><\/p>\n\n\n\n<p><strong>24 DE JUNHO<\/strong><\/p>\n\n\n\n<p>20H \u2013 ATRA\u00c7\u00c3O LOCAL<\/p>\n\n\n\n<p>22H \u2013 TAYRONE<\/p>\n\n\n\n<p>0H \u2013 MURILO HUFF<\/p>\n\n\n\n<p>02H \u2013 TK O REI DO BAR<\/p>\n\n\n\n<p>04H \u2013 ATRA\u00c7\u00c3O LOCAL<\/p>\n\n\n\n<p><\/p>\n\n\n\n<p><strong>25 DE JUNHO<\/strong><\/p>\n\n\n\n<p>20H \u2013 ATRA\u00c7\u00c3O LOCAL<\/p>\n\n\n\n<p>22H \u2013 DEL FELIZ<\/p>\n\n\n\n<p>0H \u2013 MARIA CEC\u00cdLIA E RODOLFO<\/p>\n\n\n\n<p>02H \u2013 FUL\u00d4 DE MANDACAR\u00da<\/p>\n\n\n\n<p>04H \u2013 ATRA\u00c7\u00c3O LOCAL<\/p>\n\n\n\n<p><\/p>\n\n\n\n<p><strong>26 DE JUNHO<\/strong><\/p>\n\n\n\n<p>18H \u2013 MALVADINHOS DO FORR\u00d3<\/p>\n\n\n\n<p>20H30 \u2013 DORGIVAL DANTAS<\/p>\n\n\n\n<p>22H30 \u2013 CAROL FORROZEIRA<\/p>\n\n\n\n<p>0H \u2013 OLIVAN MONTEIRO<\/p>\n\n\n\n<p>02H \u2013 BREGA E VINHO<\/p>\n\n\n\n<p>A grade poder\u00e1 sofrer altera\u00e7\u00f5es nas datas e hor\u00e1rios em casos de necessidade.<\/p>\n\n\n\n<p class=\"has-text-align-right\">Via Jacu\u00edpe News<\/p>\n","protected":false},"excerpt":{"rendered":"<p>A Prefeitura de Riach\u00e3o do Jacu\u00edpe divulgou nesta sexta-feira, 13 de maio, a grade completa das atra\u00e7\u00f5es que ir\u00e3o animar o Arrai\u00e1 da Saudade \u2013 S\u00e3o Jo\u00e3o 2022, entre os dias 21 e 26 de junho. Atrav\u00e9s de uma entrevista coletiva, que foi transmitida ao vivo pelas redes sociais, foram apresentadas as datas e hor\u00e1rios [&hellip;]<\/p>\n","protected":false},"author":2,"featured_media":9927,"comment_status":"closed","ping_status":"open","sticky":false,"template":"","format":"standard","meta":{"footnotes":""},"categories":[2],"tags":[],"class_list":["post-9926","post","type-post","status-publish","format-standard","has-post-thumbnail","hentry","category-destaq"],"aioseo_notices":[],"_links":{"self":[{"href":"https:\/\/informebahia.com\/site\/wp-json\/wp\/v2\/posts\/9926","targetHints":{"allow":["GET"]}}],"collection":[{"href":"https:\/\/informebahia.com\/site\/wp-json\/wp\/v2\/posts"}],"about":[{"href":"https:\/\/informebahia.com\/site\/wp-json\/wp\/v2\/types\/post"}],"author":[{"embeddable":true,"href":"https:\/\/informebahia.com\/site\/wp-json\/wp\/v2\/users\/2"}],"replies":[{"embeddable":true,"href":"https:\/\/informebahia.com\/site\/wp-json\/wp\/v2\/comments?post=9926"}],"version-history":[{"count":1,"href":"https:\/\/informebahia.com\/site\/wp-json\/wp\/v2\/posts\/9926\/revisions"}],"predecessor-version":[{"id":9928,"href":"https:\/\/informebahia.com\/site\/wp-json\/wp\/v2\/posts\/9926\/revisions\/9928"}],"wp:featuredmedia":[{"embeddable":true,"href":"https:\/\/informebahia.com\/site\/wp-json\/wp\/v2\/media\/9927"}],"wp:attachment":[{"href":"https:\/\/informebahia.com\/site\/wp-json\/wp\/v2\/media?parent=9926"}],"wp:term":[{"taxonomy":"category","embeddable":true,"href":"https:\/\/informebahia.com\/site\/wp-json\/wp\/v2\/categories?post=9926"},{"taxonomy":"post_tag","embeddable":true,"href":"https:\/\/informebahia.com\/site\/wp-json\/wp\/v2\/tags?post=9926"}],"curies":[{"name":"wp","href":"https:\/\/api.w.org\/{rel}","templated":true}]}}