{"id":9932,"date":"2022-05-14T19:52:34","date_gmt":"2022-05-14T22:52:34","guid":{"rendered":"http:\/\/informebahia.com\/site\/?p=9932"},"modified":"2022-05-14T20:21:33","modified_gmt":"2022-05-14T23:21:33","slug":"valente-jovem-e-assassinado-a-tiros-neste-sabado-14-na-praca-jazida","status":"publish","type":"post","link":"https:\/\/informebahia.com\/site\/2022\/05\/14\/valente-jovem-e-assassinado-a-tiros-neste-sabado-14-na-praca-jazida\/","title":{"rendered":"Valente: Jovem \u00e9 assassinado a tiros neste s\u00e1bado (14) na Pra\u00e7a Jazida"},"content":{"rendered":"\n<figure class=\"wp-block-image size-full is-resized\"><img loading=\"lazy\" decoding=\"async\" src=\"https:\/\/informebahia.com\/site\/wp-content\/uploads\/2022\/05\/adriel.jpg\" alt=\"\" class=\"wp-image-9933\" width=\"580\" height=\"351\" srcset=\"https:\/\/informebahia.com\/site\/wp-content\/uploads\/2022\/05\/adriel.jpg 580w, https:\/\/informebahia.com\/site\/wp-content\/uploads\/2022\/05\/adriel-300x182.jpg 300w\" sizes=\"auto, (max-width: 580px) 100vw, 580px\" \/><figcaption>Foto: Reprodu\u00e7\u00e3o\/Redes Sociais<\/figcaption><\/figure>\n\n\n\n<p>No final da tarde deste s\u00e1bado (14), mais um crime aconteceu na cidade de Valente, o fato aconteceu na Pra\u00e7a Jazida, quando um jovem de prenome Adriel, idade n\u00e3o informada, o mesmo foi morto a tiros no centro da cidade, a Pol\u00edcia Miliar foi acionada e esteve no local.<\/p>\n\n\n\n<p>O Informe Bahia apurou que os suspeitos chegaram em um carro preto, um dos ocupantes desceu armado, efetuou os disparos e fugiu em seguida destino ignorado. A motiva\u00e7\u00e3o e autoria s\u00e3o desconhecidas at\u00e9 a publica\u00e7\u00e3o dessa mat\u00e9ria. <\/p>\n\n\n\n<p class=\"has-text-align-right\">*Informe Bahia<\/p>\n","protected":false},"excerpt":{"rendered":"<p>No final da tarde deste s\u00e1bado (14), mais um crime aconteceu na cidade de Valente, o fato aconteceu na Pra\u00e7a Jazida, quando um jovem de prenome Adriel, idade n\u00e3o informada, o mesmo foi morto a tiros no centro da cidade, a Pol\u00edcia Miliar foi acionada e esteve no local. O Informe Bahia apurou que os [&hellip;]<\/p>\n","protected":false},"author":2,"featured_media":9933,"comment_status":"closed","ping_status":"open","sticky":false,"template":"","format":"standard","meta":{"footnotes":""},"categories":[26],"tags":[],"class_list":["post-9932","post","type-post","status-publish","format-standard","has-post-thumbnail","hentry","category-fatospolicias"],"aioseo_notices":[],"_links":{"self":[{"href":"https:\/\/informebahia.com\/site\/wp-json\/wp\/v2\/posts\/9932","targetHints":{"allow":["GET"]}}],"collection":[{"href":"https:\/\/informebahia.com\/site\/wp-json\/wp\/v2\/posts"}],"about":[{"href":"https:\/\/informebahia.com\/site\/wp-json\/wp\/v2\/types\/post"}],"author":[{"embeddable":true,"href":"https:\/\/informebahia.com\/site\/wp-json\/wp\/v2\/users\/2"}],"replies":[{"embeddable":true,"href":"https:\/\/informebahia.com\/site\/wp-json\/wp\/v2\/comments?post=9932"}],"version-history":[{"count":3,"href":"https:\/\/informebahia.com\/site\/wp-json\/wp\/v2\/posts\/9932\/revisions"}],"predecessor-version":[{"id":9937,"href":"https:\/\/informebahia.com\/site\/wp-json\/wp\/v2\/posts\/9932\/revisions\/9937"}],"wp:featuredmedia":[{"embeddable":true,"href":"https:\/\/informebahia.com\/site\/wp-json\/wp\/v2\/media\/9933"}],"wp:attachment":[{"href":"https:\/\/informebahia.com\/site\/wp-json\/wp\/v2\/media?parent=9932"}],"wp:term":[{"taxonomy":"category","embeddable":true,"href":"https:\/\/informebahia.com\/site\/wp-json\/wp\/v2\/categories?post=9932"},{"taxonomy":"post_tag","embeddable":true,"href":"https:\/\/informebahia.com\/site\/wp-json\/wp\/v2\/tags?post=9932"}],"curies":[{"name":"wp","href":"https:\/\/api.w.org\/{rel}","templated":true}]}}