{"id":9938,"date":"2022-05-14T20:36:48","date_gmt":"2022-05-14T23:36:48","guid":{"rendered":"http:\/\/informebahia.com\/site\/?p=9938"},"modified":"2022-05-14T20:36:50","modified_gmt":"2022-05-14T23:36:50","slug":"acm-neto-se-compromete-a-criar-fundo-direcionado-a-qualidade-do-ensino-na-bahia","status":"publish","type":"post","link":"https:\/\/informebahia.com\/site\/2022\/05\/14\/acm-neto-se-compromete-a-criar-fundo-direcionado-a-qualidade-do-ensino-na-bahia\/","title":{"rendered":"ACM Neto se compromete a criar fundo direcionado \u00e0 qualidade do ensino na Bahia"},"content":{"rendered":"\n<div class=\"wp-block-image\"><figure class=\"aligncenter size-full\"><img loading=\"lazy\" decoding=\"async\" width=\"580\" height=\"387\" src=\"https:\/\/informebahia.com\/site\/wp-content\/uploads\/2022\/05\/WhatsApp-Image-2022-05-14-at-19.22.18.jpeg\" alt=\"\" class=\"wp-image-9939\" srcset=\"https:\/\/informebahia.com\/site\/wp-content\/uploads\/2022\/05\/WhatsApp-Image-2022-05-14-at-19.22.18.jpeg 580w, https:\/\/informebahia.com\/site\/wp-content\/uploads\/2022\/05\/WhatsApp-Image-2022-05-14-at-19.22.18-300x200.jpeg 300w\" sizes=\"auto, (max-width: 580px) 100vw, 580px\" \/><\/figure><\/div>\n\n\n\n<p>Pr\u00e9-candidato ao governo tamb\u00e9m falou que vai implementar o modelo de escola em tempo integral para o ensino m\u00e9dio da rede p\u00fablica estadual<\/p>\n\n\n\n<p>Durante coletiva de imprensa realizada em Itabuna neste s\u00e1bado (14), o pr\u00e9-candidato ao Governo da Bahia ACM Neto (Uni\u00e3o Brasil) afirmou que vai criar um fundo para administrar os cerca de R$ 9 bilh\u00f5es que a Bahia vai receber dos precat\u00f3rios da educa\u00e7\u00e3o, em tr\u00eas parcelas, at\u00e9 2024.<\/p>\n\n\n\n<p>\u201cO dinheiro n\u00e3o pode mais ser uma desculpa. Um ter\u00e7o desse dinheiro est\u00e1 sendo torrado este ano com a constru\u00e7\u00e3o de escolas. Isso porque o PT passou 15 anos sem construir quase nenhuma escola na Bahia. E, agora, v\u00e9spera de elei\u00e7\u00e3o, come\u00e7aram a se movimentar. Mas \u00e9 importante dizer que apenas construir escola n\u00e3o \u00e9 a solu\u00e7\u00e3o. N\u00e3o resolve o problema. O mais f\u00e1cil \u00e9 fazer a obra. O mais dif\u00edcil \u00e9 fazer educa\u00e7\u00e3o de qualidade\u201d, pontuou.<\/p>\n\n\n\n<p>\u201cEu pretendo destinar parte deste recurso para um fundo que vai dar suporte \u00e0s a\u00e7\u00f5es junto aos munic\u00edpios. N\u00f3s vamos trazer para a Bahia o modelo do Cear\u00e1, que premia os munic\u00edpios que avan\u00e7am na qualidade da educa\u00e7\u00e3o. O munic\u00edpio que avan\u00e7ar, n\u00e3o interessa o partido do prefeito, vai ganhar mais dinheiro do estado para premiar, estimular, incentivar o trabalho do munic\u00edpio em rela\u00e7\u00e3o \u00e0 evolu\u00e7\u00e3o da qualidade do ensino\u201d, explicou o pr\u00e9-candidato.<\/p>\n\n\n\n<p>Para o pr\u00e9-candidato do Uni\u00e3o Brasil, \u00e9 necess\u00e1rio um trabalho de parceria com os munic\u00edpios para levar a qualidade de ensino das redes para a homogeneidade pedag\u00f3gica: \u201cE, dessa forma, ajudar na qualifica\u00e7\u00e3o dos professores da rede p\u00fablica municipal e para ajudar no processo de avalia\u00e7\u00e3o das redes municipais\u201d, ressaltou.<\/p>\n\n\n\n<p>ACM disse ainda que o outro foco a ser trabalhado para garantir a qualidade da educa\u00e7\u00e3o baiana \u00e9 o modelo de escola em tempo integral para os alunos do ensino m\u00e9dio. O ex-prefeito de Salvador ponderou que existem muitas experi\u00eancias de atua\u00e7\u00e3o na educa\u00e7\u00e3o p\u00fablica que est\u00e3o dando certo em outros estados, e que pretende trazer essas refer\u00eancias para melhorar os \u00edndices da Bahia.<\/p>\n\n\n\n<p>\u201cOutra grande ferramenta do nosso projeto vai ser a educa\u00e7\u00e3o em tempo integral, formato que se tornou o diferencial de Pernambuco e outros v\u00e1rios estados. Tem muita coisa dando certo em v\u00e1rios lugares do Brasil que podem ser trazidos para a Bahia. N\u00e3o precisa inventar, precisa \u00e9 ter compromisso. Precisa querer fazer\u201d, salientou.<\/p>\n\n\n\n<p>\u201cE tudo isso vai vir com um alicerce forte para garantir investimentos na tecnologia para a educa\u00e7\u00e3o, conectividade para as escolas, instrumentos como tablets para os alunos poderem ampliar o tempo de aprendizado no per\u00edodo que est\u00e3o em casa. Com acesso aos conte\u00fados no hor\u00e1rio que eles n\u00e3o est\u00e3o na escola\u201d, destacou.<\/p>\n\n\n\n<p>O ex-prefeito de Salvador lembrou ainda que a Bahia ocupa o 27\u00b0 lugar na qualidade da educa\u00e7\u00e3o para o ensino m\u00e9dio. Para Neto, apesar dos investimentos realizados pelo atual governo, problemas antigos continuam sem solu\u00e7\u00f5es.<\/p>\n\n\n\n<p>\u201cOs investimentos poderiam ter sido maiores do que foram. Al\u00e9m disso, o recurso aplicado foi mal aplicado, e os n\u00fameros da educa\u00e7\u00e3o da Bahia est\u00e3o a\u00ed para provar. Se fizermos o corte apenas para a rede p\u00fablica estadual no ensino m\u00e9dio, n\u00f3s somos o \u00faltimo do Brasil, somos o 27\u00b0 do pa\u00eds. Esse \u00e9 o retrato da qualidade da educa\u00e7\u00e3o p\u00fablica na Bahia. Esse \u00e9 o legado deixado em 16 anos do PT aqui no estado\u201d, acrescentou.<\/p>\n\n\n\n<p>Resultados da pandemia<\/p>\n\n\n\n<p>Para ACM Neto, a defasagem do ensino p\u00fablico estadual foi acentuada durante os anos de 2020 e 2021, quando o pa\u00eds enfrentou a pandemia causada pelo coronav\u00edrus. O pr\u00e9-candidato ao governo falou que o trabalho de recupera\u00e7\u00e3o da educa\u00e7\u00e3o da Bahia vai passar, inclusive, pela inclus\u00e3o dos conceitos de empregabilidade e empreendedorismo nas escolas do estado.<\/p>\n\n\n\n<p>\u201cA Bahia tirou nota zero na educa\u00e7\u00e3o durante a pandemia. A Bahia n\u00e3o agiu no tempo necess\u00e1rio para garantir o ensino remoto, para garantir, depois, o ensino semipresencial. Demorou para levar tecnologia para as escolas, para dar condi\u00e7\u00e3o dos alunos aprenderem \u00e0 dist\u00e2ncia. E as consequ\u00eancias disso s\u00e3o muito graves\u201d, avaliou Neto.<\/p>\n\n\n\n<p>\u201cO que a gente v\u00ea na Bahia, hoje, muitas vezes \u00e9 a l\u00f3gica perversa da aprova\u00e7\u00e3o autom\u00e1tica. E o problema desse formato \u00e9 que esse jovem, no futuro, vai ter muito mais dificuldade para conseguir um emprego, para vencer na vida e realizar o sonho das suas fam\u00edlias. E para isso, vamos levar \u00e0s escolas, principalmente para o ensino m\u00e9dio, os conceitos de empregabilidade e empreendedorismo com o intuito de que a escola seja, de fato, a porta de entrada do trabalho e, futuramente, da renda dessas pessoas\u201d, falou.<\/p>\n\n\n\n<p>\u201cVamos fazer um esfor\u00e7o concentrado para recuperar o tempo perdido na pandemia. Eu acredito naquele ditado \u2018antes tarde do que nunca\u2019. Eles deviam ter feito, n\u00e3o fizeram, mas n\u00f3s vamos fazer\u201d, enfatizou durante a coletiva.<\/p>\n\n\n\n<p class=\"has-text-align-right\">Ascom<\/p>\n","protected":false},"excerpt":{"rendered":"<p>Pr\u00e9-candidato ao governo tamb\u00e9m falou que vai implementar o modelo de escola em tempo integral para o ensino m\u00e9dio da rede p\u00fablica estadual Durante coletiva de imprensa realizada em Itabuna neste s\u00e1bado (14), o pr\u00e9-candidato ao Governo da Bahia ACM Neto (Uni\u00e3o Brasil) afirmou que vai criar um fundo para administrar os cerca de R$ [&hellip;]<\/p>\n","protected":false},"author":2,"featured_media":9939,"comment_status":"closed","ping_status":"open","sticky":false,"template":"","format":"standard","meta":{"footnotes":""},"categories":[17],"tags":[],"class_list":["post-9938","post","type-post","status-publish","format-standard","has-post-thumbnail","hentry","category-politica"],"aioseo_notices":[],"_links":{"self":[{"href":"https:\/\/informebahia.com\/site\/wp-json\/wp\/v2\/posts\/9938","targetHints":{"allow":["GET"]}}],"collection":[{"href":"https:\/\/informebahia.com\/site\/wp-json\/wp\/v2\/posts"}],"about":[{"href":"https:\/\/informebahia.com\/site\/wp-json\/wp\/v2\/types\/post"}],"author":[{"embeddable":true,"href":"https:\/\/informebahia.com\/site\/wp-json\/wp\/v2\/users\/2"}],"replies":[{"embeddable":true,"href":"https:\/\/informebahia.com\/site\/wp-json\/wp\/v2\/comments?post=9938"}],"version-history":[{"count":1,"href":"https:\/\/informebahia.com\/site\/wp-json\/wp\/v2\/posts\/9938\/revisions"}],"predecessor-version":[{"id":9940,"href":"https:\/\/informebahia.com\/site\/wp-json\/wp\/v2\/posts\/9938\/revisions\/9940"}],"wp:featuredmedia":[{"embeddable":true,"href":"https:\/\/informebahia.com\/site\/wp-json\/wp\/v2\/media\/9939"}],"wp:attachment":[{"href":"https:\/\/informebahia.com\/site\/wp-json\/wp\/v2\/media?parent=9938"}],"wp:term":[{"taxonomy":"category","embeddable":true,"href":"https:\/\/informebahia.com\/site\/wp-json\/wp\/v2\/categories?post=9938"},{"taxonomy":"post_tag","embeddable":true,"href":"https:\/\/informebahia.com\/site\/wp-json\/wp\/v2\/tags?post=9938"}],"curies":[{"name":"wp","href":"https:\/\/api.w.org\/{rel}","templated":true}]}}