{"id":9945,"date":"2022-05-16T10:25:42","date_gmt":"2022-05-16T13:25:42","guid":{"rendered":"http:\/\/informebahia.com\/site\/?p=9945"},"modified":"2022-05-16T10:25:45","modified_gmt":"2022-05-16T13:25:45","slug":"saida-de-bento-nao-gerou-desgaste-com-as-forcas-armadas-avaliam-militares","status":"publish","type":"post","link":"https:\/\/informebahia.com\/site\/2022\/05\/16\/saida-de-bento-nao-gerou-desgaste-com-as-forcas-armadas-avaliam-militares\/","title":{"rendered":"Sa\u00edda de Bento n\u00e3o gerou desgaste com as For\u00e7as Armadas, avaliam militares"},"content":{"rendered":"\n<div class=\"wp-block-image\"><figure class=\"aligncenter size-full is-resized\"><img loading=\"lazy\" decoding=\"async\" src=\"https:\/\/informebahia.com\/site\/wp-content\/uploads\/2022\/05\/IMAGEM_NOTICIA_5-15.jpg\" alt=\"\" class=\"wp-image-9946\" width=\"380\" height=\"280\" srcset=\"https:\/\/informebahia.com\/site\/wp-content\/uploads\/2022\/05\/IMAGEM_NOTICIA_5-15.jpg 380w, https:\/\/informebahia.com\/site\/wp-content\/uploads\/2022\/05\/IMAGEM_NOTICIA_5-15-300x221.jpg 300w, https:\/\/informebahia.com\/site\/wp-content\/uploads\/2022\/05\/IMAGEM_NOTICIA_5-15-80x60.jpg 80w\" sizes=\"auto, (max-width: 380px) 100vw, 380px\" \/><figcaption>Foto: Marcello Casal Jr\/Ag\u00eancia Brasil<br><\/figcaption><\/figure><\/div>\n\n\n\n<p>A sa\u00edda de Bento Albuquerque do Minist\u00e9rio de Minas e Energia \u00e9 entendida como bem mais tranquila que a exonera\u00e7\u00e3o do general Silva e Luna do comando da Petrobras at\u00e9 mesmo na Marinha, da qual ele faz parte. Para integrantes das For\u00e7as Armadas, Albuquerque ocupava um cargo pol\u00edtico e tinha a compreens\u00e3o de que o presidente Jair Bolsonaro (PL) precisava dar uma resposta ao problema do aumento dos pre\u00e7os dos combust\u00edveis.<\/p>\n\n\n\n<p>E, embora tenha sido alvo de cr\u00edticas do presidente na live anterior \u00e0 sua demiss\u00e3o, n\u00e3o foi alvo de um processo longo de fritura p\u00fablica como outros auxiliares militares. Albuquerque acumulava desgastes com o Planalto desde a tentativa fracassada de nomear o empres\u00e1rio Adriano Pires como presidente da Petrobras.<\/p>\n\n\n\n<p>Integrantes do minist\u00e9rio afirmam que a queda de Bento pegou a equipe de surpresa. Ela tinha marcado uma reuni\u00e3o para a pr\u00f3xima semana com o presidente da Comiss\u00e3o de Minas e Energia da C\u00e2mara, F\u00e1bio Schiochet (Uni\u00e3o-SC).<\/p>\n\n\n\n<p>A demiss\u00e3o de Luna e Silva foi mais desgastante. As cr\u00edticas do presidente ao militar se estenderam por algumas semanas, nas quais Luna tentou rebat\u00ea-las, de forma t\u00e9cnica.<\/p>\n\n\n\n<p>Ele deixou o cargo dizendo-se tra\u00eddo por Bolsonaro. Segundo interlocutores, o general \u2014que meses antes mantinha contato direto com o presidente\u2014 foi informado apenas no dia da demiss\u00e3o que o ministro das Minas e Energia, Bento Albuquerque, havia se reunido diversas vezes com seu sucessor, inclusive no \u00faltimo domingo, para discutir sua exonera\u00e7\u00e3o.<\/p>\n\n\n\n<p class=\"has-text-align-right\">*Bahia Not\u00edcias<\/p>\n","protected":false},"excerpt":{"rendered":"<p>A sa\u00edda de Bento Albuquerque do Minist\u00e9rio de Minas e Energia \u00e9 entendida como bem mais tranquila que a exonera\u00e7\u00e3o do general Silva e Luna do comando da Petrobras at\u00e9 mesmo na Marinha, da qual ele faz parte. Para integrantes das For\u00e7as Armadas, Albuquerque ocupava um cargo pol\u00edtico e tinha a compreens\u00e3o de que o [&hellip;]<\/p>\n","protected":false},"author":2,"featured_media":9946,"comment_status":"closed","ping_status":"open","sticky":false,"template":"","format":"standard","meta":{"footnotes":""},"categories":[17],"tags":[],"class_list":["post-9945","post","type-post","status-publish","format-standard","has-post-thumbnail","hentry","category-politica"],"aioseo_notices":[],"_links":{"self":[{"href":"https:\/\/informebahia.com\/site\/wp-json\/wp\/v2\/posts\/9945","targetHints":{"allow":["GET"]}}],"collection":[{"href":"https:\/\/informebahia.com\/site\/wp-json\/wp\/v2\/posts"}],"about":[{"href":"https:\/\/informebahia.com\/site\/wp-json\/wp\/v2\/types\/post"}],"author":[{"embeddable":true,"href":"https:\/\/informebahia.com\/site\/wp-json\/wp\/v2\/users\/2"}],"replies":[{"embeddable":true,"href":"https:\/\/informebahia.com\/site\/wp-json\/wp\/v2\/comments?post=9945"}],"version-history":[{"count":1,"href":"https:\/\/informebahia.com\/site\/wp-json\/wp\/v2\/posts\/9945\/revisions"}],"predecessor-version":[{"id":9947,"href":"https:\/\/informebahia.com\/site\/wp-json\/wp\/v2\/posts\/9945\/revisions\/9947"}],"wp:featuredmedia":[{"embeddable":true,"href":"https:\/\/informebahia.com\/site\/wp-json\/wp\/v2\/media\/9946"}],"wp:attachment":[{"href":"https:\/\/informebahia.com\/site\/wp-json\/wp\/v2\/media?parent=9945"}],"wp:term":[{"taxonomy":"category","embeddable":true,"href":"https:\/\/informebahia.com\/site\/wp-json\/wp\/v2\/categories?post=9945"},{"taxonomy":"post_tag","embeddable":true,"href":"https:\/\/informebahia.com\/site\/wp-json\/wp\/v2\/tags?post=9945"}],"curies":[{"name":"wp","href":"https:\/\/api.w.org\/{rel}","templated":true}]}}