{"id":9986,"date":"2022-05-18T15:42:07","date_gmt":"2022-05-18T18:42:07","guid":{"rendered":"http:\/\/informebahia.com\/site\/?p=9986"},"modified":"2022-05-18T15:42:10","modified_gmt":"2022-05-18T18:42:10","slug":"novo-exame-de-sangue-pode-ajudar-no-diagnostico-de-alzheimer","status":"publish","type":"post","link":"https:\/\/informebahia.com\/site\/2022\/05\/18\/novo-exame-de-sangue-pode-ajudar-no-diagnostico-de-alzheimer\/","title":{"rendered":"Novo exame de sangue pode ajudar no diagn\u00f3stico de Alzheimer"},"content":{"rendered":"\n<div class=\"wp-block-image\"><figure class=\"aligncenter size-full\"><img loading=\"lazy\" decoding=\"async\" width=\"380\" height=\"280\" src=\"https:\/\/informebahia.com\/site\/wp-content\/uploads\/2022\/05\/IMAGEM_NOTICIA_5-2-8.jpg\" alt=\"\" class=\"wp-image-9987\" srcset=\"https:\/\/informebahia.com\/site\/wp-content\/uploads\/2022\/05\/IMAGEM_NOTICIA_5-2-8.jpg 380w, https:\/\/informebahia.com\/site\/wp-content\/uploads\/2022\/05\/IMAGEM_NOTICIA_5-2-8-300x221.jpg 300w, https:\/\/informebahia.com\/site\/wp-content\/uploads\/2022\/05\/IMAGEM_NOTICIA_5-2-8-80x60.jpg 80w\" sizes=\"auto, (max-width: 380px) 100vw, 380px\" \/><figcaption>Foto: Marcelo Camargo\/Ag\u00eancia Brasil<\/figcaption><\/figure><\/div>\n\n\n\n<p>Um novo exame de sangue rec\u00e9m-chegado ao Brasil pode auxiliar no diagn\u00f3stico do Alzheimer. Por utilizar uma tecnologia que identifica pequenas mol\u00e9culas em amostras de sangue, o procedimento possibilita observar a presen\u00e7a de um importante marcador da doen\u00e7a.<\/p>\n\n\n\n<p>O Alzheimer tem sintomas como perda de mem\u00f3ria e dificuldade de fazer atividades cotidianas por estar associado a uma degenera\u00e7\u00e3o do sistema nervoso central.<\/p>\n\n\n\n<p>A doen\u00e7a \u00e9 o tipo de dem\u00eancia com maior preval\u00eancia no mundo. No Brasil, ela atinge aproximadamente 1,2 milh\u00e3o de pessoas e acomete cerca de 11% da popula\u00e7\u00e3o idosa, que \u00e9 a mais atingida pela condi\u00e7\u00e3o.<\/p>\n\n\n\n<p>Em rela\u00e7\u00e3o \u00e0 mortalidade, o Global Burden of Disease (GBD) de 2019 aponta que o Alzheimer junto com outras dem\u00eancias representam uma taxa de 25 mortes a cada 100 mil habitantes no pa\u00eds.<\/p>\n\n\n\n<p>O diagn\u00f3stico \u00e9 feito principalmente por meio da pr\u00e1tica cl\u00ednica. Desse modo, o m\u00e9dico investiga, diante de sintomas e exames, se uma pessoa realmente est\u00e1 com Alzheimer. Algumas pesquisas, por exemplo, j\u00e1 avan\u00e7aram para entender as causas da condi\u00e7\u00e3o de modo a aumentar a precis\u00e3o do diagn\u00f3stico.<\/p>\n\n\n\n<p>Uma das correntes mais consolidadas sobre a origem da condi\u00e7\u00e3o observa duas prote\u00ednas que s\u00e3o consideradas marcadores do Alzheimer &#8211;ou seja, subst\u00e2ncias associadas \u00e0 enfermidade.<\/p>\n\n\n\n<p>Uma dessas prote\u00ednas \u00e9 a beta-amiloide, que normalmente \u00e9 encontrada nas paredes dos neur\u00f4nios, importantes c\u00e9lulas para o funcionamento cerebral.<\/p>\n\n\n\n<p>Rodrigo Carvalho, neurologista do centro de neurocirurgia DFVNeuro e do Hospital S\u00edrio-Liban\u00eas, explica que, em excesso, a beta-amiloide passa a ser depositada nos tecidos do c\u00e9rebro.<\/p>\n\n\n\n<p>Esse ac\u00famulo das beta-amiloides desencadeia a reten\u00e7\u00e3o de outra prote\u00edna, chamada TAU. \u00c9 esta segunda que ocasiona mortes de neur\u00f4nios e, consequentemente, causa um processo degenerativo da atividade cerebral.<\/p>\n\n\n\n<p>Dessa forma, ambas as prote\u00ednas est\u00e3o associadas ao Alzheimer. Essa descoberta faz com que &#8220;a tend\u00eancia seja cada vez mais classificar a doen\u00e7a com base nessas subst\u00e2ncias que ficam alteradas&#8221;, continua o neurologista.<\/p>\n\n\n\n<p>J\u00e1 existem algumas ferramentas que buscam observar esses dois marcadores. Um deles \u00e9 a coleta do l\u00edquor, um l\u00edquido que permeia a regi\u00e3o do c\u00e9rebro e da coluna lombar. Por estar em constante contato com a regi\u00e3o do sistema nervoso central, \u00e9 poss\u00edvel observar a concentra\u00e7\u00e3o da beta amiloide pelo l\u00edquor.<\/p>\n\n\n\n<p>Esse procedimento \u00e9 feito por um m\u00e9dico que insere uma agulha entre as v\u00e9rtebras da coluna. Ent\u00e3o, \u00e9 poss\u00edvel retirar o l\u00edquor para realizar um exame de modo a averiguar a presen\u00e7a da beta amiloide. Quanto mais baixa for a concentra\u00e7\u00e3o da prote\u00edna, maior o indicativo para Alzheimer, j\u00e1 que isso \u00e9 um indicativo de que a subst\u00e2ncia deve estar retida nas paredes do c\u00e9rebro.<\/p>\n\n\n\n<p>Mesmo que seja um procedimento \u00fatil para complementar as suspeitas cl\u00ednicas do Alzheimer, a coleta do l\u00edquor tem alguns problemas. Um deles \u00e9 o pre\u00e7o &#8211;ao ser feito por um m\u00e9dico, o exame \u00e9 mais caro que outros mais comuns. Outro ponto s\u00e3o algumas contraindica\u00e7\u00f5es, como no caso de pacientes que t\u00eam processo infeccioso na pele ou tenham problemas de colunas que dificultam a aplica\u00e7\u00e3o da inje\u00e7\u00e3o.<\/p>\n\n\n\n<p>O novo exame, lan\u00e7ado nos Estados Unidos h\u00e1 pouco mais de um m\u00eas e que no Brasil \u00e9 disponibilizado pela rede de hospitais e laborat\u00f3rios Dasa, tenta superar esses impasses.<\/p>\n\n\n\n<p>Ele funciona de forma semelhante \u00e0 coleta de l\u00edquor ao mensurar a beta-amiloide para averiguar se o paciente est\u00e1 em um quadro de Alzheimer. Por ser um exame de sangue, no entanto, ele precisou de algumas altera\u00e7\u00f5es que se valem principalmente de um avan\u00e7o tecnol\u00f3gico chamado espectrometria em massa.<\/p>\n\n\n\n<p>Gustavo Campana, diretor m\u00e9dico da Dasa, explica que observar a quantidade da prote\u00edna no l\u00edquor \u00e9 mais simples pelo fato de o l\u00edquido estar em constante contato com o c\u00e9rebro, regi\u00e3o que tem maior concentra\u00e7\u00e3o da beta-amiloide.<\/p>\n\n\n\n<p>No entanto, pesquisas j\u00e1 observaram que algumas prote\u00ednas conseguem passar do l\u00edquor para o sangue, mas em uma quantidade menor &#8211;fen\u00f4meno conhecido como barreira hematoencef\u00e1lica.<\/p>\n\n\n\n<p>Por essa raz\u00e3o, um exame de sangue comum n\u00e3o teria a mesma precis\u00e3o de indicar a concentra\u00e7\u00e3o da beta-amiloide como ocorre no procedimento de retirada do l\u00edquor. A espectrometria, neste caso, \u00e9 utilizada justamente porque consegue observar prote\u00ednas, mesmo que em pequenas quantidades, em uma amostra de sangue.<\/p>\n\n\n\n<p>O exame n\u00e3o \u00e9 para todos Embora seja uma forma importante para aumentar a precis\u00e3o do diagn\u00f3stico de Alzheimer, o novo exame de sangue n\u00e3o \u00e9 para qualquer pessoa.<\/p>\n\n\n\n<p>A restri\u00e7\u00e3o do procedimento acontece principalmente porque o Alzheimer \u00e9 uma doen\u00e7a de diagn\u00f3stico cl\u00ednico. Ou seja, ela se vale de outros mecanismos e tamb\u00e9m da pr\u00f3pria avalia\u00e7\u00e3o do especialista sobre o quadro do paciente.<\/p>\n\n\n\n<p>Carvalho diz que a resson\u00e2ncia magn\u00e9tica pode ser utilizada para observar se os sintomas n\u00e3o foram causados por outras doen\u00e7as que mimetizam o Alzheimer, como \u00e9 o caso do AVC (acidente vascular cerebral).<\/p>\n\n\n\n<p>&#8220;N\u00e3o \u00e9 que todo mundo precisa fazer, mas para alguns casos espec\u00edficos a complementa\u00e7\u00e3o diagn\u00f3stica \u00e9 fundamental&#8221;, afirma Campana.<\/p>\n\n\n\n<p>Um desses casos em que poderia ser \u00fatil observar a presen\u00e7a de beta-amiloide \u00e9 quando o m\u00e9dico desconfia que o paciente possa estar com Alzheimer ou com a dem\u00eancia do frontotemporal, uma outra doen\u00e7a tamb\u00e9m causada por neurodegenera\u00e7\u00e3o.<\/p>\n\n\n\n<p>Neste impasse, explica Carvalho, \u00e9 importante ter um diagn\u00f3stico mais preciso porque o tratamento para o Alzheimer pode piorar a dem\u00eancia frontotemporal.<\/p>\n\n\n\n<p class=\"has-text-align-right\">*Bahia Not\u00edcias<\/p>\n","protected":false},"excerpt":{"rendered":"<p>Um novo exame de sangue rec\u00e9m-chegado ao Brasil pode auxiliar no diagn\u00f3stico do Alzheimer. Por utilizar uma tecnologia que identifica pequenas mol\u00e9culas em amostras de sangue, o procedimento possibilita observar a presen\u00e7a de um importante marcador da doen\u00e7a. O Alzheimer tem sintomas como perda de mem\u00f3ria e dificuldade de fazer atividades cotidianas por estar associado [&hellip;]<\/p>\n","protected":false},"author":2,"featured_media":9987,"comment_status":"closed","ping_status":"open","sticky":false,"template":"","format":"standard","meta":{"footnotes":""},"categories":[33],"tags":[],"class_list":["post-9986","post","type-post","status-publish","format-standard","has-post-thumbnail","hentry","category-geral"],"aioseo_notices":[],"_links":{"self":[{"href":"https:\/\/informebahia.com\/site\/wp-json\/wp\/v2\/posts\/9986","targetHints":{"allow":["GET"]}}],"collection":[{"href":"https:\/\/informebahia.com\/site\/wp-json\/wp\/v2\/posts"}],"about":[{"href":"https:\/\/informebahia.com\/site\/wp-json\/wp\/v2\/types\/post"}],"author":[{"embeddable":true,"href":"https:\/\/informebahia.com\/site\/wp-json\/wp\/v2\/users\/2"}],"replies":[{"embeddable":true,"href":"https:\/\/informebahia.com\/site\/wp-json\/wp\/v2\/comments?post=9986"}],"version-history":[{"count":1,"href":"https:\/\/informebahia.com\/site\/wp-json\/wp\/v2\/posts\/9986\/revisions"}],"predecessor-version":[{"id":9988,"href":"https:\/\/informebahia.com\/site\/wp-json\/wp\/v2\/posts\/9986\/revisions\/9988"}],"wp:featuredmedia":[{"embeddable":true,"href":"https:\/\/informebahia.com\/site\/wp-json\/wp\/v2\/media\/9987"}],"wp:attachment":[{"href":"https:\/\/informebahia.com\/site\/wp-json\/wp\/v2\/media?parent=9986"}],"wp:term":[{"taxonomy":"category","embeddable":true,"href":"https:\/\/informebahia.com\/site\/wp-json\/wp\/v2\/categories?post=9986"},{"taxonomy":"post_tag","embeddable":true,"href":"https:\/\/informebahia.com\/site\/wp-json\/wp\/v2\/tags?post=9986"}],"curies":[{"name":"wp","href":"https:\/\/api.w.org\/{rel}","templated":true}]}}